{"id":9821,"date":"2018-04-15T08:42:34","date_gmt":"2018-04-15T08:42:34","guid":{"rendered":"http:\/\/cio.edu.umh.es\/?p=9821"},"modified":"2021-07-07T12:25:29","modified_gmt":"2021-07-07T10:25:29","slug":"14-15-de-junio-2018-iii-jornadas-de-doctorado-y-seminarios-novel","status":"publish","type":"post","link":"https:\/\/cio.umh.es\/en\/2018\/04\/15\/14-15-de-junio-2018-iii-jornadas-de-doctorado-y-seminarios-novel\/","title":{"rendered":"Congreso 14-15 de junio 2018: III jornadas de Doctorado y seminarios novel"},"content":{"rendered":"<p><span style=\"color: #000000\">ESTE A\u00d1O las 3as Jornadas de Doctorado y Seminarios Novel del programa de doctorado DEcIDE se realizar\u00e1n en la sede de la Universidad Miguel Hern\u00e1ndez en Elx (Alicante), los d\u00edas 14-15 de junio de 2018.<\/span><br \/>\n<span style=\"color: #000000\">En este momento se abre el plazo para remitir propuestas de ponencias por parte\u00a0de los estudiantes del programa, que finalizar\u00e1 el pr\u00f3ximo 16 de abril (solo es\u00a0necesario remitir un abstract extendido, ver las condiciones en el call-for- papers).\u00a0Las propuestas se deben realizar usando el formulario que encontrar\u00e9is al final de esta p\u00e1gina.<\/span><br \/>\n<span style=\"color: #000000\">Asimismo, animamos a los estudiantes y miembros del programa (especialmente a los directores\/tutores) a participar en las mismas de manera presencial. La universidad organizadora ha solicitado ayuda a la Generalitat Valenciana para sufragar parte de los costes de las Jornadas y Seminarios. Tambi\u00e9n es posible que se pueda subvencionar el alojamiento de quienes lo necesiten (en su totalidad o en parte, dependiendo del n\u00famero de solicitantes). Por ello, es necesario que todos los que pens\u00e9is que pod\u00e9is asistir presencialmente os inscrib\u00e1is rellenando el formulario.<\/span><\/p>","protected":false},"excerpt":{"rendered":"<p>ESTE A\u00d1O las 3as Jornadas de Doctorado y Seminarios Novel del programa de doctorado DEcIDE se realizar\u00e1n en la sede de la Universidad Miguel Hern\u00e1ndez en Elx (Alicante), los d\u00edas 14-15 de junio de 2018.<br \/>\nEn este momento se abre el plazo para remitir propuestas de ponencias por parte\u00a0de los estudiantes del programa, que finalizar\u00e1 el [&#8230;]<\/p>","protected":false},"author":3477,"featured_media":0,"comment_status":"open","ping_status":"open","sticky":false,"template":"","format":"standard","meta":{"_links_to":"","_links_to_target":""},"categories":[370857,873],"tags":[],"_links":{"self":[{"href":"https:\/\/cio.umh.es\/en\/wp-json\/wp\/v2\/posts\/9821"}],"collection":[{"href":"https:\/\/cio.umh.es\/en\/wp-json\/wp\/v2\/posts"}],"about":[{"href":"https:\/\/cio.umh.es\/en\/wp-json\/wp\/v2\/types\/post"}],"author":[{"embeddable":true,"href":"https:\/\/cio.umh.es\/en\/wp-json\/wp\/v2\/users\/3477"}],"replies":[{"embeddable":true,"href":"https:\/\/cio.umh.es\/en\/wp-json\/wp\/v2\/comments?post=9821"}],"version-history":[{"count":0,"href":"https:\/\/cio.umh.es\/en\/wp-json\/wp\/v2\/posts\/9821\/revisions"}],"wp:attachment":[{"href":"https:\/\/cio.umh.es\/en\/wp-json\/wp\/v2\/media?parent=9821"}],"wp:term":[{"taxonomy":"category","embeddable":true,"href":"https:\/\/cio.umh.es\/en\/wp-json\/wp\/v2\/categories?post=9821"},{"taxonomy":"post_tag","embeddable":true,"href":"https:\/\/cio.umh.es\/en\/wp-json\/wp\/v2\/tags?post=9821"}],"curies":[{"name":"wp","href":"https:\/\/api.w.org\/{rel}","templated":true}]}}