{"id":912,"date":"2015-05-07T10:41:36","date_gmt":"2015-05-07T08:41:36","guid":{"rendered":"https:\/\/cio.umh.es\/?p=912"},"modified":"2015-05-07T10:41:36","modified_gmt":"2015-05-07T08:41:36","slug":"el-cio-colabora-en-la-feria-de-la-ciencia-y-la-tecnologia-de-elche-fecitelx2015","status":"publish","type":"post","link":"https:\/\/cio.umh.es\/en\/2015\/05\/07\/el-cio-colabora-en-la-feria-de-la-ciencia-y-la-tecnologia-de-elche-fecitelx2015\/","title":{"rendered":"El CIO colabora en la Feria de la Ciencia y la Tecnolog\u00eda de Elche \u201cFecitelx2015\u201d."},"content":{"rendered":"<p><!--:es-->El CIO\u00a0colabora en la I Feria de la Ciencia y la Tecnolog\u00eda de Elche \u201cFecitelx\u201d. Esta Feria urbana, se celebrar\u00e1 los d\u00edas 7, 8 y 9 de mayo de 2015 en las instalaciones del campus de Elche de la Universidad Miguel Hern\u00e1ndez de Elche\u00a0y en el Centro de Congresos Ciudad de Elche, est\u00e1 organizada por el Vicerrectorado de Investigaci\u00f3n e Innovaci\u00f3n de la UMH.<br \/>\nEsta feria est\u00e1 dirigida a estudiantes de Primaria, Secundaria, Formaci\u00f3n Profesional, Bachillerato, maestros y profesores, y el p\u00fablico general, cuyos objetivos son los de conectar estudiantes, profesores, profesionales y p\u00fablico general, con los investigadores y profesores universitarios de la UMH, compartir experiencias, conocimiento y proyectos relacionados con la Ciencia y la Tecnolog\u00eda, y motivar a nuestros escolares y universitarios en la formaci\u00f3n y divulgaci\u00f3n cient\u00edfica y tecnol\u00f3gica.<br \/>\nDentro de las actividades programadas se encuentran: talleres did\u00e1cticos e interactivos para todas las edades, charlas, formaci\u00f3n, concursos, exposiciones, teatro, espect\u00e1culos, arte, experiencias &#8230;.<br \/>\nPara m\u00e1s informaci\u00f3n consultar la web\u00a0\u00a0<a href=\"http:\/\/fecitelx2015.umh.es\/\" target=\"_blank\" rel=\"noopener noreferrer\">http:\/\/fecitelx2015.umh.es\/<\/a><br \/>\n&nbsp;<br \/>\n<a href=\"https:\/\/cio.umh.es\/en\/files\/2015\/05\/InaguracionFecitelx2015.jpg\/\"><img loading=\"lazy\" class=\"alignleft size-medium wp-image-913\" alt=\"Inaguracion Fecitelx 2015\" src=\"https:\/\/cio.umh.es\/files\/2015\/05\/InaguracionFecitelx2015-300x184.jpg\" width=\"300\" height=\"184\" \/><\/a><!--:--><\/p>","protected":false},"excerpt":{"rendered":"<p>El CIO\u00a0colabora en la I Feria de la Ciencia y la Tecnolog\u00eda de Elche \u201cFecitelx\u201d. Esta Feria urbana, se celebrar\u00e1 los d\u00edas 7, 8 y 9 de mayo de 2015 en las instalaciones del campus de Elche de la Universidad Miguel Hern\u00e1ndez de Elche\u00a0y en el Centro de Congresos Ciudad de Elche, est\u00e1 organizada por [&#8230;]<\/p>","protected":false},"author":3477,"featured_media":0,"comment_status":"closed","ping_status":"closed","sticky":false,"template":"","format":"standard","meta":{"_links_to":"","_links_to_target":""},"categories":[4,873],"tags":[],"_links":{"self":[{"href":"https:\/\/cio.umh.es\/en\/wp-json\/wp\/v2\/posts\/912"}],"collection":[{"href":"https:\/\/cio.umh.es\/en\/wp-json\/wp\/v2\/posts"}],"about":[{"href":"https:\/\/cio.umh.es\/en\/wp-json\/wp\/v2\/types\/post"}],"author":[{"embeddable":true,"href":"https:\/\/cio.umh.es\/en\/wp-json\/wp\/v2\/users\/3477"}],"replies":[{"embeddable":true,"href":"https:\/\/cio.umh.es\/en\/wp-json\/wp\/v2\/comments?post=912"}],"version-history":[{"count":0,"href":"https:\/\/cio.umh.es\/en\/wp-json\/wp\/v2\/posts\/912\/revisions"}],"wp:attachment":[{"href":"https:\/\/cio.umh.es\/en\/wp-json\/wp\/v2\/media?parent=912"}],"wp:term":[{"taxonomy":"category","embeddable":true,"href":"https:\/\/cio.umh.es\/en\/wp-json\/wp\/v2\/categories?post=912"},{"taxonomy":"post_tag","embeddable":true,"href":"https:\/\/cio.umh.es\/en\/wp-json\/wp\/v2\/tags?post=912"}],"curies":[{"name":"wp","href":"https:\/\/api.w.org\/{rel}","templated":true}]}}