{"id":806,"date":"2014-06-17T17:18:57","date_gmt":"2014-06-17T15:18:57","guid":{"rendered":"https:\/\/cio.umh.es\/?p=806"},"modified":"2014-06-17T17:18:57","modified_gmt":"2014-06-17T15:18:57","slug":"conferencia-del-prof-dr-matias-raja-bano","status":"publish","type":"post","link":"https:\/\/cio.umh.es\/en\/2014\/06\/17\/conferencia-del-prof-dr-matias-raja-bano\/","title":{"rendered":"Conferencia del Prof. Dr. Mat\u00edas Raja Ba\u00f1o"},"content":{"rendered":"<p><!--:es--><strong>T\u00edtulo<\/strong>: Conjuntos convexos compactos que admiten una funci\u00f3n estrictamente convexa<br \/>\n<strong>Ponente<\/strong>:\u00a0Mat\u00edas Raja Ba\u00f1o<br \/>\n<strong>Fecha<\/strong>: 19\/06\/2014\u00a0\u00a0 11:00h<br \/>\n<strong>Lugar<\/strong>: Sala de Seminarios, Edificio Torretamarit<br \/>\n<strong>Resumen:<\/strong><br \/>\nIn the frame of a locally convex space X, we wil consider the class SC(X) of convex compact subsets A\uf0ccX such that there exists f: A\uf0aeR which is lower semicontinuous and strictly convex. In the first part of the talk we will relate this class to some other class of compacta studied in topology, as the descriptive or the fragmentable. After that, we will prove an embedding result for those compacta into strictly convex duals. Finally, we will discuss the existence of exposed points and related notions. This is part of a joint work with L.C. Garc\u00eda Lirola and J. Orihuela.<br \/>\n<strong>Breve Bio:<\/strong><br \/>\nMat\u00edas Raja es profesor titular de An\u00e1lisis Matem\u00e1tico en el Departamento de Matem\u00e1ticas de la Universidad de Murcia.<!--:--><!--:en--><strong>Title<\/strong>:\u00a0Compact convex sets that admits an strictly convex function<br \/>\n<strong>Speaker<\/strong>:\u00a0Mat\u00edas Raja Ba\u00f1o<br \/>\n<strong>Date<\/strong>: 19\/06\/2014\u00a0\u00a0 11:00h<br \/>\n<strong>Location<\/strong>: Sala de Seminarios, Edificio Torretamarit<br \/>\n<strong>Abstract<\/strong><br \/>\nIn the frame of a locally convex space X, we wil consider the class SC(X) of convex compact subsets A\uf0ccX such that there exists f: A\uf0aeR which is lower semicontinuous and strictly convex. In the first part of the talk we will relate this class to some other class of compacta studied in topology, as the descriptive or the fragmentable. After that, we will prove an embedding result for those compacta into strictly convex duals. Finally, we will discuss the existence of exposed points and related notions. This is part of a joint work with L.C. Garc\u00eda Lirola and J. Orihuela.<br \/>\n<strong>Brief Bio<\/strong><br \/>\nMat\u00edas Raja es profesor titular de An\u00e1lisis Matem\u00e1tico en el Departamento de Matem\u00e1ticas de la Universidad de Murcia.<!--:--><\/p>","protected":false},"excerpt":{"rendered":"<p>T\u00edtulo: Conjuntos convexos compactos que admiten una funci\u00f3n estrictamente convexa<br \/>\nPonente:\u00a0Mat\u00edas Raja Ba\u00f1o<br \/>\nFecha: 19\/06\/2014\u00a0\u00a0 11:00h<br \/>\nLugar: Sala de Seminarios, Edificio Torretamarit<br \/>\nResumen:<br \/>\nIn the frame of a locally convex space X, we wil consider the class SC(X) of convex compact subsets A\uf0ccX such that there exists f: A\uf0aeR which is lower semicontinuous and strictly convex. In the first part [&#8230;]<\/p>","protected":false},"author":3477,"featured_media":0,"comment_status":"closed","ping_status":"closed","sticky":false,"template":"","format":"standard","meta":{"_links_to":"","_links_to_target":""},"categories":[4,873],"tags":[],"_links":{"self":[{"href":"https:\/\/cio.umh.es\/en\/wp-json\/wp\/v2\/posts\/806"}],"collection":[{"href":"https:\/\/cio.umh.es\/en\/wp-json\/wp\/v2\/posts"}],"about":[{"href":"https:\/\/cio.umh.es\/en\/wp-json\/wp\/v2\/types\/post"}],"author":[{"embeddable":true,"href":"https:\/\/cio.umh.es\/en\/wp-json\/wp\/v2\/users\/3477"}],"replies":[{"embeddable":true,"href":"https:\/\/cio.umh.es\/en\/wp-json\/wp\/v2\/comments?post=806"}],"version-history":[{"count":0,"href":"https:\/\/cio.umh.es\/en\/wp-json\/wp\/v2\/posts\/806\/revisions"}],"wp:attachment":[{"href":"https:\/\/cio.umh.es\/en\/wp-json\/wp\/v2\/media?parent=806"}],"wp:term":[{"taxonomy":"category","embeddable":true,"href":"https:\/\/cio.umh.es\/en\/wp-json\/wp\/v2\/categories?post=806"},{"taxonomy":"post_tag","embeddable":true,"href":"https:\/\/cio.umh.es\/en\/wp-json\/wp\/v2\/tags?post=806"}],"curies":[{"name":"wp","href":"https:\/\/api.w.org\/{rel}","templated":true}]}}