{"id":7795,"date":"2018-01-22T08:33:16","date_gmt":"2018-01-22T08:33:16","guid":{"rendered":"http:\/\/cio.edu.umh.es\/?p=7795"},"modified":"2018-01-22T08:33:16","modified_gmt":"2018-01-22T08:33:16","slug":"el-grado-en-ingenieria-informatica-en-tecnologias-de-la-informacion-obtiene-el-sello-de-excelencia-internacional-euro-inf","status":"publish","type":"post","link":"https:\/\/cio.umh.es\/en\/2018\/01\/22\/el-grado-en-ingenieria-informatica-en-tecnologias-de-la-informacion-obtiene-el-sello-de-excelencia-internacional-euro-inf\/","title":{"rendered":"El Grado en Ingenier\u00eda Inform\u00e1tica en Tecnolog\u00edas de la Informaci\u00f3n obtiene el sello de excelencia internacional EURO-INF"},"content":{"rendered":"<p>[:es]<span style=\"color: #000000\">La agencia\u00a0<em>European Network for Accreditation of Engineering Education<\/em>\u00a0(ENAEE), a trav\u00e9s de la Agencia Nacional de Evaluaci\u00f3n de la Calidad y Acreditaci\u00f3n (ANECA), ha concedido el sello de excelencia internacional EURO-INF al Grado en Ingenier\u00eda Inform\u00e1tica en Tecnolog\u00edas de la Informaci\u00f3n de la Escuela Polit\u00e9cnica Superior de Elche (EPSE) de la Universidad Miguel Hern\u00e1ndez (UMH). Este sello acredita que los estudios cumplen con las exigencias profesionales de la ingenier\u00eda.<\/span><br \/>\n<span style=\"color: #000000\">A la entrega, celebrada en la Universidad Polit\u00e9cnica de Madrid, han asistido la vicerrectora adjunta de Estudios para la Acreditaci\u00f3n de T\u00edtulos de la UMH, Mari Carmen Neipp, y el subdirector del Grado en Ingenier\u00eda Inform\u00e1tica en Tecnolog\u00edas de la Informaci\u00f3n, Antonio Pe\u00f1alver.<\/span><br \/>\n<span style=\"color: #000000\">El acto de entrega de estos galardones se englob\u00f3 dentro de la II Jornada sobre el sello Euro-Inf\u00a0y su desarrollo en Espa\u00f1a, en la que se reflexion\u00f3 sobre la repercusi\u00f3n que tiene contar con un sello internacional de calidad en el sistema universitario para la profesi\u00f3n de ingeniero inform\u00e1tico y se present\u00f3 la nueva estrategia de evaluaci\u00f3n de ANECA para el sello Euro-Inf. Estos sellos garantizan que los diferentes programas cumplen con los est\u00e1ndares internacionales acad\u00e9micos y profesionales. Adem\u00e1s de facilitar a los estudiantes la movilidad acad\u00e9mica y profesional, es una prueba adicional reconocida por los empleadores en el \u00e1mbito europeo, ya que garantiza que los candidatos poseen los conocimientos y las competencias que rigen las normas internacionales.<\/span>[:]<\/p>","protected":false},"excerpt":{"rendered":"<p>[:es]La agencia\u00a0European Network for Accreditation of Engineering Education\u00a0(ENAEE), a trav\u00e9s de la Agencia Nacional de Evaluaci\u00f3n de la Calidad y Acreditaci\u00f3n (ANECA), ha concedido el sello de excelencia internacional EURO-INF al Grado en Ingenier\u00eda Inform\u00e1tica en Tecnolog\u00edas de la Informaci\u00f3n de la Escuela Polit\u00e9cnica Superior de Elche (EPSE) de la Universidad Miguel Hern\u00e1ndez (UMH). Este [&#8230;]<\/p>","protected":false},"author":3477,"featured_media":0,"comment_status":"open","ping_status":"open","sticky":false,"template":"","format":"standard","meta":{"_links_to":"","_links_to_target":""},"categories":[873],"tags":[],"_links":{"self":[{"href":"https:\/\/cio.umh.es\/en\/wp-json\/wp\/v2\/posts\/7795"}],"collection":[{"href":"https:\/\/cio.umh.es\/en\/wp-json\/wp\/v2\/posts"}],"about":[{"href":"https:\/\/cio.umh.es\/en\/wp-json\/wp\/v2\/types\/post"}],"author":[{"embeddable":true,"href":"https:\/\/cio.umh.es\/en\/wp-json\/wp\/v2\/users\/3477"}],"replies":[{"embeddable":true,"href":"https:\/\/cio.umh.es\/en\/wp-json\/wp\/v2\/comments?post=7795"}],"version-history":[{"count":0,"href":"https:\/\/cio.umh.es\/en\/wp-json\/wp\/v2\/posts\/7795\/revisions"}],"wp:attachment":[{"href":"https:\/\/cio.umh.es\/en\/wp-json\/wp\/v2\/media?parent=7795"}],"wp:term":[{"taxonomy":"category","embeddable":true,"href":"https:\/\/cio.umh.es\/en\/wp-json\/wp\/v2\/categories?post=7795"},{"taxonomy":"post_tag","embeddable":true,"href":"https:\/\/cio.umh.es\/en\/wp-json\/wp\/v2\/tags?post=7795"}],"curies":[{"name":"wp","href":"https:\/\/api.w.org\/{rel}","templated":true}]}}