{"id":7609,"date":"1992-01-15T11:27:00","date_gmt":"1992-01-15T11:27:00","guid":{"rendered":"http:\/\/cio.edu.umh.es\/?p=7609"},"modified":"1992-01-15T11:27:00","modified_gmt":"1992-01-15T11:27:00","slug":"goberna-m-a-lopez-m-a-pastor-j-t-1992-la-cara-oculta-de-la-matematica-ii-analisis-alicante-espana","status":"publish","type":"post","link":"https:\/\/cio.umh.es\/en\/1992\/01\/15\/goberna-m-a-lopez-m-a-pastor-j-t-1992-la-cara-oculta-de-la-matematica-ii-analisis-alicante-espana\/","title":{"rendered":"Goberna, M.A., L\u00f3pez, M.A., Pastor, J.T. (1992) &quot;La cara oculta de la Matem\u00e1tica (II). An\u00e1lisis&quot;,SECRETARIADO DE PUBLICACIONES, Alicante, Espa\u00f1a, 2 : 1-104"},"content":{"rendered":"","protected":false},"excerpt":{"rendered":"","protected":false},"author":5675,"featured_media":0,"comment_status":"open","ping_status":"open","sticky":false,"template":"","format":"standard","meta":{"_links_to":"","_links_to_target":""},"categories":[75,7834],"tags":[383033],"_links":{"self":[{"href":"https:\/\/cio.umh.es\/en\/wp-json\/wp\/v2\/posts\/7609"}],"collection":[{"href":"https:\/\/cio.umh.es\/en\/wp-json\/wp\/v2\/posts"}],"about":[{"href":"https:\/\/cio.umh.es\/en\/wp-json\/wp\/v2\/types\/post"}],"author":[{"embeddable":true,"href":"https:\/\/cio.umh.es\/en\/wp-json\/wp\/v2\/users\/5675"}],"replies":[{"embeddable":true,"href":"https:\/\/cio.umh.es\/en\/wp-json\/wp\/v2\/comments?post=7609"}],"version-history":[{"count":0,"href":"https:\/\/cio.umh.es\/en\/wp-json\/wp\/v2\/posts\/7609\/revisions"}],"wp:attachment":[{"href":"https:\/\/cio.umh.es\/en\/wp-json\/wp\/v2\/media?parent=7609"}],"wp:term":[{"taxonomy":"category","embeddable":true,"href":"https:\/\/cio.umh.es\/en\/wp-json\/wp\/v2\/categories?post=7609"},{"taxonomy":"post_tag","embeddable":true,"href":"https:\/\/cio.umh.es\/en\/wp-json\/wp\/v2\/tags?post=7609"}],"curies":[{"name":"wp","href":"https:\/\/api.w.org\/{rel}","templated":true}]}}