{"id":6918,"date":"2004-12-21T13:21:00","date_gmt":"2004-12-21T13:21:00","guid":{"rendered":"http:\/\/cio.edu.umh.es\/?p=6918"},"modified":"2004-12-21T13:21:00","modified_gmt":"2004-12-21T13:21:00","slug":"camara-j-m-igualada-j-perea-c-2004-climatizacion-solar-por-absorcion-en-murcia-modelizacion-y-simulacion-era-solar","status":"publish","type":"post","link":"https:\/\/cio.umh.es\/en\/2004\/12\/21\/camara-j-m-igualada-j-perea-c-2004-climatizacion-solar-por-absorcion-en-murcia-modelizacion-y-simulacion-era-solar\/","title":{"rendered":"C\u00e1mara, J.M., Igualada, J., Perea, C., (2004) &quot;Climatizaci\u00f3n solar por absorci\u00f3n en Murcia. Modelizaci\u00f3n y simulaci\u00f3n&quot;, Era Solar, 119 : 58-66"},"content":{"rendered":"","protected":false},"excerpt":{"rendered":"","protected":false},"author":5675,"featured_media":0,"comment_status":"open","ping_status":"open","sticky":false,"template":"","format":"standard","meta":{"_links_to":"","_links_to_target":""},"categories":[75,7834],"tags":[383437],"_links":{"self":[{"href":"https:\/\/cio.umh.es\/en\/wp-json\/wp\/v2\/posts\/6918"}],"collection":[{"href":"https:\/\/cio.umh.es\/en\/wp-json\/wp\/v2\/posts"}],"about":[{"href":"https:\/\/cio.umh.es\/en\/wp-json\/wp\/v2\/types\/post"}],"author":[{"embeddable":true,"href":"https:\/\/cio.umh.es\/en\/wp-json\/wp\/v2\/users\/5675"}],"replies":[{"embeddable":true,"href":"https:\/\/cio.umh.es\/en\/wp-json\/wp\/v2\/comments?post=6918"}],"version-history":[{"count":0,"href":"https:\/\/cio.umh.es\/en\/wp-json\/wp\/v2\/posts\/6918\/revisions"}],"wp:attachment":[{"href":"https:\/\/cio.umh.es\/en\/wp-json\/wp\/v2\/media?parent=6918"}],"wp:term":[{"taxonomy":"category","embeddable":true,"href":"https:\/\/cio.umh.es\/en\/wp-json\/wp\/v2\/categories?post=6918"},{"taxonomy":"post_tag","embeddable":true,"href":"https:\/\/cio.umh.es\/en\/wp-json\/wp\/v2\/tags?post=6918"}],"curies":[{"name":"wp","href":"https:\/\/api.w.org\/{rel}","templated":true}]}}