{"id":6131,"date":"2015-12-15T10:40:00","date_gmt":"2015-12-15T10:40:00","guid":{"rendered":"http:\/\/cio.edu.umh.es\/?p=6131"},"modified":"2015-12-15T10:40:00","modified_gmt":"2015-12-15T10:40:00","slug":"senabre-gallego-j-m-rosas-j-salas-heredia-e-santos-soler-g-barber-x-pons-a-cano-c-lorente-m-grupo-airemb-2015-uso-de-la-ecografia-musculo-esqueletica-entre-los-r","status":"publish","type":"post","link":"https:\/\/cio.umh.es\/en\/2015\/12\/15\/senabre-gallego-j-m-rosas-j-salas-heredia-e-santos-soler-g-barber-x-pons-a-cano-c-lorente-m-grupo-airemb-2015-uso-de-la-ecografia-musculo-esqueletica-entre-los-r\/","title":{"rendered":"Senabre-Gallego, J.M., Rosas, J., Salas-Heredia, E., Santos-Soler, G., Barber, X., Pons, A., Cano, C., Lorente, M., Grupo AIRE\/MB., (2015) \u201cUso de la ecograf\u00eda m\u00fasculo-esquel\u00e9tica entre los reumat\u00f3logos de la Comunidad Valenciana\u201d, Revista de la Sociedad Valenciana de Reumatolog\u00eda, 6 (2) : 14-18"},"content":{"rendered":"","protected":false},"excerpt":{"rendered":"","protected":false},"author":5675,"featured_media":0,"comment_status":"open","ping_status":"open","sticky":false,"template":"","format":"standard","meta":{"_links_to":"","_links_to_target":""},"categories":[75,7834],"tags":[374060],"_links":{"self":[{"href":"https:\/\/cio.umh.es\/en\/wp-json\/wp\/v2\/posts\/6131"}],"collection":[{"href":"https:\/\/cio.umh.es\/en\/wp-json\/wp\/v2\/posts"}],"about":[{"href":"https:\/\/cio.umh.es\/en\/wp-json\/wp\/v2\/types\/post"}],"author":[{"embeddable":true,"href":"https:\/\/cio.umh.es\/en\/wp-json\/wp\/v2\/users\/5675"}],"replies":[{"embeddable":true,"href":"https:\/\/cio.umh.es\/en\/wp-json\/wp\/v2\/comments?post=6131"}],"version-history":[{"count":0,"href":"https:\/\/cio.umh.es\/en\/wp-json\/wp\/v2\/posts\/6131\/revisions"}],"wp:attachment":[{"href":"https:\/\/cio.umh.es\/en\/wp-json\/wp\/v2\/media?parent=6131"}],"wp:term":[{"taxonomy":"category","embeddable":true,"href":"https:\/\/cio.umh.es\/en\/wp-json\/wp\/v2\/categories?post=6131"},{"taxonomy":"post_tag","embeddable":true,"href":"https:\/\/cio.umh.es\/en\/wp-json\/wp\/v2\/tags?post=6131"}],"curies":[{"name":"wp","href":"https:\/\/api.w.org\/{rel}","templated":true}]}}