{"id":6117,"date":"2014-12-15T10:16:00","date_gmt":"2014-12-15T10:16:00","guid":{"rendered":"http:\/\/cio.edu.umh.es\/?p=6117"},"modified":"2014-12-15T10:16:00","modified_gmt":"2014-12-15T10:16:00","slug":"rosas-j-llinares-tello-f-de-la-torre-i-santos-ramirez-c-senabre-gallego-j-m-valor-l-barber-x-hernandez-d-santos-soler-g-salas-heredia-e-carreno-l-2014-clin","status":"publish","type":"post","link":"https:\/\/cio.umh.es\/en\/2014\/12\/15\/rosas-j-llinares-tello-f-de-la-torre-i-santos-ramirez-c-senabre-gallego-j-m-valor-l-barber-x-hernandez-d-santos-soler-g-salas-heredia-e-carreno-l-2014-clin\/","title":{"rendered":"Rosas, J., Llinares-Tello, F., De la Torre, I., Santos-Ram\u00edrez, C., Senabre-Gallego, J.M., Valor, L., Barber, X., Hern\u00e1ndez, D., Santos-Soler, G., Salas-Heredia, E., Carre\u00f1o, L., AIRE-MB Group., (2014) &quot;Clinical relevance of monitoring serum levels of adalimumab in patients with rheumatoid arthritis in daily practice\u201d, Clinical and Experimental Rheumatology, 32 (6) : 942-948"},"content":{"rendered":"","protected":false},"excerpt":{"rendered":"","protected":false},"author":5675,"featured_media":0,"comment_status":"open","ping_status":"open","sticky":false,"template":"","format":"standard","meta":{"_links_to":"","_links_to_target":""},"categories":[75,7834],"tags":[374060],"_links":{"self":[{"href":"https:\/\/cio.umh.es\/en\/wp-json\/wp\/v2\/posts\/6117"}],"collection":[{"href":"https:\/\/cio.umh.es\/en\/wp-json\/wp\/v2\/posts"}],"about":[{"href":"https:\/\/cio.umh.es\/en\/wp-json\/wp\/v2\/types\/post"}],"author":[{"embeddable":true,"href":"https:\/\/cio.umh.es\/en\/wp-json\/wp\/v2\/users\/5675"}],"replies":[{"embeddable":true,"href":"https:\/\/cio.umh.es\/en\/wp-json\/wp\/v2\/comments?post=6117"}],"version-history":[{"count":0,"href":"https:\/\/cio.umh.es\/en\/wp-json\/wp\/v2\/posts\/6117\/revisions"}],"wp:attachment":[{"href":"https:\/\/cio.umh.es\/en\/wp-json\/wp\/v2\/media?parent=6117"}],"wp:term":[{"taxonomy":"category","embeddable":true,"href":"https:\/\/cio.umh.es\/en\/wp-json\/wp\/v2\/categories?post=6117"},{"taxonomy":"post_tag","embeddable":true,"href":"https:\/\/cio.umh.es\/en\/wp-json\/wp\/v2\/tags?post=6117"}],"curies":[{"name":"wp","href":"https:\/\/api.w.org\/{rel}","templated":true}]}}