{"id":6101,"date":"2014-12-15T09:57:00","date_gmt":"2014-12-15T09:57:00","guid":{"rendered":"http:\/\/cio.edu.umh.es\/?p=6101"},"modified":"2014-12-15T09:57:00","modified_gmt":"2014-12-15T09:57:00","slug":"llinares-tello-f-rosas-j-senabre-gallego-j-m-molina-j-salas-heredia-e-santos-soler-g-santos-ramirez-c-ortega-castro-r-pons-a-cano-a-lorente-m-barber-x-sanchez-barri","status":"publish","type":"post","link":"https:\/\/cio.umh.es\/en\/2014\/12\/15\/llinares-tello-f-rosas-j-senabre-gallego-j-m-molina-j-salas-heredia-e-santos-soler-g-santos-ramirez-c-ortega-castro-r-pons-a-cano-a-lorente-m-barber-x-sanchez-barri\/","title":{"rendered":"Llinares-Tello, F., Rosas, J., Senabre-Gallego, J.M., Molina, J., Salas-Heredia, E., Santos-Soler, G., Santos-Ram\u00edrez, C., Ortega-Castro, R., Pons, A., Cano, A., Lorente, M., Barber, X., S\u00e1nchez-Barrioluengo, M., (2014) \u201cMonitorizaci\u00f3n terap\u00e9utica de adalimumab: aplicaci\u00f3n pr\u00e1ctica de la disociaci\u00f3n \u00e1cida\u201d, Sociedad Valenciana de Reumatolog\u00eda, 5 (3) : 11-14"},"content":{"rendered":"","protected":false},"excerpt":{"rendered":"","protected":false},"author":5675,"featured_media":0,"comment_status":"open","ping_status":"open","sticky":false,"template":"","format":"standard","meta":{"_links_to":"","_links_to_target":""},"categories":[75,7834],"tags":[374060],"_links":{"self":[{"href":"https:\/\/cio.umh.es\/en\/wp-json\/wp\/v2\/posts\/6101"}],"collection":[{"href":"https:\/\/cio.umh.es\/en\/wp-json\/wp\/v2\/posts"}],"about":[{"href":"https:\/\/cio.umh.es\/en\/wp-json\/wp\/v2\/types\/post"}],"author":[{"embeddable":true,"href":"https:\/\/cio.umh.es\/en\/wp-json\/wp\/v2\/users\/5675"}],"replies":[{"embeddable":true,"href":"https:\/\/cio.umh.es\/en\/wp-json\/wp\/v2\/comments?post=6101"}],"version-history":[{"count":0,"href":"https:\/\/cio.umh.es\/en\/wp-json\/wp\/v2\/posts\/6101\/revisions"}],"wp:attachment":[{"href":"https:\/\/cio.umh.es\/en\/wp-json\/wp\/v2\/media?parent=6101"}],"wp:term":[{"taxonomy":"category","embeddable":true,"href":"https:\/\/cio.umh.es\/en\/wp-json\/wp\/v2\/categories?post=6101"},{"taxonomy":"post_tag","embeddable":true,"href":"https:\/\/cio.umh.es\/en\/wp-json\/wp\/v2\/tags?post=6101"}],"curies":[{"name":"wp","href":"https:\/\/api.w.org\/{rel}","templated":true}]}}