{"id":5987,"date":"2010-12-14T11:24:00","date_gmt":"2010-12-14T11:24:00","guid":{"rendered":"http:\/\/cio.edu.umh.es\/?p=5987"},"modified":"2010-12-14T11:24:00","modified_gmt":"2010-12-14T11:24:00","slug":"sanchez-zapata-e-perez-alvarez-j-a-fernandez-lopez-j-barber-x-2010-descriptive-study-of-reflectance-spectra-of-hake-merluccius-australis-salmon-salmo-salar-and-light-and-d","status":"publish","type":"post","link":"https:\/\/cio.umh.es\/en\/2010\/12\/14\/sanchez-zapata-e-perez-alvarez-j-a-fernandez-lopez-j-barber-x-2010-descriptive-study-of-reflectance-spectra-of-hake-merluccius-australis-salmon-salmo-salar-and-light-and-d\/","title":{"rendered":"S\u00e1nchez-Zapata, E., P\u00e9rez-\u00c1lvarez, J.A., Fern\u00e1ndez-L\u00f3pez, J., Barber, X., (2010) \u201cDescriptive study of reflectance spectra of Hake (Merluccius australis), salmon (Salmo salar) and light and dark muscle from tuna (Thunnus thynnus)\u201d, Journal of food Quality, 33 (3) : 391- 403"},"content":{"rendered":"","protected":false},"excerpt":{"rendered":"","protected":false},"author":5675,"featured_media":0,"comment_status":"open","ping_status":"open","sticky":false,"template":"","format":"standard","meta":{"_links_to":"","_links_to_target":""},"categories":[75,7834],"tags":[374060],"_links":{"self":[{"href":"https:\/\/cio.umh.es\/en\/wp-json\/wp\/v2\/posts\/5987"}],"collection":[{"href":"https:\/\/cio.umh.es\/en\/wp-json\/wp\/v2\/posts"}],"about":[{"href":"https:\/\/cio.umh.es\/en\/wp-json\/wp\/v2\/types\/post"}],"author":[{"embeddable":true,"href":"https:\/\/cio.umh.es\/en\/wp-json\/wp\/v2\/users\/5675"}],"replies":[{"embeddable":true,"href":"https:\/\/cio.umh.es\/en\/wp-json\/wp\/v2\/comments?post=5987"}],"version-history":[{"count":0,"href":"https:\/\/cio.umh.es\/en\/wp-json\/wp\/v2\/posts\/5987\/revisions"}],"wp:attachment":[{"href":"https:\/\/cio.umh.es\/en\/wp-json\/wp\/v2\/media?parent=5987"}],"wp:term":[{"taxonomy":"category","embeddable":true,"href":"https:\/\/cio.umh.es\/en\/wp-json\/wp\/v2\/categories?post=5987"},{"taxonomy":"post_tag","embeddable":true,"href":"https:\/\/cio.umh.es\/en\/wp-json\/wp\/v2\/tags?post=5987"}],"curies":[{"name":"wp","href":"https:\/\/api.w.org\/{rel}","templated":true}]}}