{"id":5985,"date":"2010-12-14T10:53:00","date_gmt":"2010-12-14T10:53:00","guid":{"rendered":"http:\/\/cio.edu.umh.es\/?p=5985"},"modified":"2010-12-14T10:53:00","modified_gmt":"2010-12-14T10:53:00","slug":"rosas-j-beltran-e-santos-soler-g-belmonte-m-alvarez-cienfuegos-a-negueroles-r-lozano-a-campos-c-senabre-j-m-roman-j-martinez-cristoal-a-tevar-m-i-santos-ramirez-c","status":"publish","type":"post","link":"https:\/\/cio.umh.es\/en\/2010\/12\/14\/rosas-j-beltran-e-santos-soler-g-belmonte-m-alvarez-cienfuegos-a-negueroles-r-lozano-a-campos-c-senabre-j-m-roman-j-martinez-cristoal-a-tevar-m-i-santos-ramirez-c\/","title":{"rendered":"Rosas, J., Beltran, E., Santos-Soler, G., Belmonte, M., \u00c1lvarez-Cienfuegos, A., Negueroles, R., Lozano, A., Campos, C., Senabre, J.M., Rom\u00e1n, J., Mart\u00ednez-Cristoal, A., Tevar, M.I., Santos-Ram\u00edrez, C., Garc\u00eda-Borras, J.J., Carro, A., Rueda, A., Barber, X., (2010) \u201cCaracter\u00edsticas de los pacientes con ABATACEPT en la Comunidad Valenciana: Registro SVR\u201d, Revista de la Sociedad Valenciana de Reumatolog\u00eda, 3 (4) : 19-24"},"content":{"rendered":"","protected":false},"excerpt":{"rendered":"","protected":false},"author":5675,"featured_media":0,"comment_status":"open","ping_status":"open","sticky":false,"template":"","format":"standard","meta":{"_links_to":"","_links_to_target":""},"categories":[75,7834],"tags":[374060],"_links":{"self":[{"href":"https:\/\/cio.umh.es\/en\/wp-json\/wp\/v2\/posts\/5985"}],"collection":[{"href":"https:\/\/cio.umh.es\/en\/wp-json\/wp\/v2\/posts"}],"about":[{"href":"https:\/\/cio.umh.es\/en\/wp-json\/wp\/v2\/types\/post"}],"author":[{"embeddable":true,"href":"https:\/\/cio.umh.es\/en\/wp-json\/wp\/v2\/users\/5675"}],"replies":[{"embeddable":true,"href":"https:\/\/cio.umh.es\/en\/wp-json\/wp\/v2\/comments?post=5985"}],"version-history":[{"count":0,"href":"https:\/\/cio.umh.es\/en\/wp-json\/wp\/v2\/posts\/5985\/revisions"}],"wp:attachment":[{"href":"https:\/\/cio.umh.es\/en\/wp-json\/wp\/v2\/media?parent=5985"}],"wp:term":[{"taxonomy":"category","embeddable":true,"href":"https:\/\/cio.umh.es\/en\/wp-json\/wp\/v2\/categories?post=5985"},{"taxonomy":"post_tag","embeddable":true,"href":"https:\/\/cio.umh.es\/en\/wp-json\/wp\/v2\/tags?post=5985"}],"curies":[{"name":"wp","href":"https:\/\/api.w.org\/{rel}","templated":true}]}}