{"id":5935,"date":"1998-12-14T09:55:00","date_gmt":"1998-12-14T09:55:00","guid":{"rendered":"http:\/\/cio.edu.umh.es\/?p=5935"},"modified":"1998-12-14T09:55:00","modified_gmt":"1998-12-14T09:55:00","slug":"aadd-grupo-epic-de-murcia-1998-educacion-y-consumo-de-alimentos-y-nutrientes-en-la-cohorte-bol-epidem-murcia","status":"publish","type":"post","link":"https:\/\/cio.umh.es\/en\/1998\/12\/14\/aadd-grupo-epic-de-murcia-1998-educacion-y-consumo-de-alimentos-y-nutrientes-en-la-cohorte-bol-epidem-murcia\/","title":{"rendered":"AADD, Grupo EPIC de Murcia, (1998) &quot;Educaci\u00f3n y consumo de alimentos y nutrientes en la cohorte&quot;, Bolet\u00edn Epidemiol\u00f3gico de Murcia, 19 : 590"},"content":{"rendered":"","protected":false},"excerpt":{"rendered":"","protected":false},"author":5675,"featured_media":0,"comment_status":"open","ping_status":"open","sticky":false,"template":"","format":"standard","meta":{"_links_to":"","_links_to_target":""},"categories":[75,7834],"tags":[374060],"_links":{"self":[{"href":"https:\/\/cio.umh.es\/en\/wp-json\/wp\/v2\/posts\/5935"}],"collection":[{"href":"https:\/\/cio.umh.es\/en\/wp-json\/wp\/v2\/posts"}],"about":[{"href":"https:\/\/cio.umh.es\/en\/wp-json\/wp\/v2\/types\/post"}],"author":[{"embeddable":true,"href":"https:\/\/cio.umh.es\/en\/wp-json\/wp\/v2\/users\/5675"}],"replies":[{"embeddable":true,"href":"https:\/\/cio.umh.es\/en\/wp-json\/wp\/v2\/comments?post=5935"}],"version-history":[{"count":0,"href":"https:\/\/cio.umh.es\/en\/wp-json\/wp\/v2\/posts\/5935\/revisions"}],"wp:attachment":[{"href":"https:\/\/cio.umh.es\/en\/wp-json\/wp\/v2\/media?parent=5935"}],"wp:term":[{"taxonomy":"category","embeddable":true,"href":"https:\/\/cio.umh.es\/en\/wp-json\/wp\/v2\/categories?post=5935"},{"taxonomy":"post_tag","embeddable":true,"href":"https:\/\/cio.umh.es\/en\/wp-json\/wp\/v2\/tags?post=5935"}],"curies":[{"name":"wp","href":"https:\/\/api.w.org\/{rel}","templated":true}]}}