{"id":592,"date":"2013-10-08T17:55:07","date_gmt":"2013-10-08T15:55:07","guid":{"rendered":"http:\/\/cio.umh.es\/?p=592"},"modified":"2013-10-08T17:55:07","modified_gmt":"2013-10-08T15:55:07","slug":"i-jornadas-de-innovacion-en-ciencias-matematicas-y-tecnologia-de-secundaria-y-bachillerato","status":"publish","type":"post","link":"https:\/\/cio.umh.es\/en\/2013\/10\/08\/i-jornadas-de-innovacion-en-ciencias-matematicas-y-tecnologia-de-secundaria-y-bachillerato\/","title":{"rendered":"I Jornadas de Innovaci\u00f3n en Ciencias, Matem\u00e1ticas y Tecnolog\u00eda de Secundaria y Bachillerato"},"content":{"rendered":"<p><!--:es-->El Instituto Universitario de Investigaci\u00f3n \u201cCentro de investigaci\u00f3n Operativa\u201d (CIO) de la UMH co-organiza las I Jornadas de Innovaci\u00f3n en Ciencias, Matem\u00e1ticas y Tecnolog\u00eda de Secundaria y Bachillerato,\u00a0que se celebrar\u00e1n en el Museo Did\u00e1ctico e Interactivo de Ciencias (MUDIC) ubicado en el\u00a0Campus Desamparados de la\u00a0Escuela Polit\u00e9cnica Superior de Orihuela de la UMH durante los d\u00edas\u00a014 y 15 de octubre de 2013.<br \/>\nEn estas primeras jornadas se presentar\u00e1 el proyecto SECURE (Science Education CUrriculum REsearch), un programa europeo del programa FP7 realizado en 10 pa\u00edses europeos.\u00a0El Proyecto SECURE ha centrado sus estudios sobre el curr\u00edculo de Matem\u00e1ticas, Ciencias y Tecnolog\u00eda dise\u00f1ado, ense\u00f1ado y aprendido por los estudiantes de 5, 8, 11 y 13 a\u00f1os, con el objetivo de realizar una serie de recomendaciones a las autoridades responsables de los dise\u00f1os curriculares, que permitan hacer m\u00e1s accesible y atractivo el curr\u00edculo de estas materias a los alumnos de estas edades que se consideran determinantes para una buena formaci\u00f3n cient\u00edfica y tecnol\u00f3gica de los ciudadanos.<br \/>\nEn las Jornadas se presentar\u00e1n las ponencias aceptadas en dos modalidades:\u00a0Comunicaciones a las Jornadas y Unidades Did\u00e1cticas desarrolladas en clase, adem\u00e1s de varias conferencias plenarias y una representaci\u00f3n de teatro cient\u00edfico a cargo de la compa\u00f1\u00eda de teatro del MUDIC.<br \/>\nPara m\u00e1s informaci\u00f3n: <a href=\"http:\/\/jornadasicmt.com\" target=\"_blank\" rel=\"noopener noreferrer\">http:\/\/jornadasicmt.com<\/a><!--:--><\/p>","protected":false},"excerpt":{"rendered":"<p>El Instituto Universitario de Investigaci\u00f3n \u201cCentro de investigaci\u00f3n Operativa\u201d (CIO) de la UMH co-organiza las I Jornadas de Innovaci\u00f3n en Ciencias, Matem\u00e1ticas y Tecnolog\u00eda de Secundaria y Bachillerato,\u00a0que se celebrar\u00e1n en el Museo Did\u00e1ctico e Interactivo de Ciencias (MUDIC) ubicado en el\u00a0Campus Desamparados de la\u00a0Escuela Polit\u00e9cnica Superior de Orihuela de la UMH durante los d\u00edas\u00a014 [&#8230;]<\/p>","protected":false},"author":3477,"featured_media":0,"comment_status":"closed","ping_status":"closed","sticky":false,"template":"","format":"standard","meta":{"_links_to":"","_links_to_target":""},"categories":[4,873],"tags":[],"_links":{"self":[{"href":"https:\/\/cio.umh.es\/en\/wp-json\/wp\/v2\/posts\/592"}],"collection":[{"href":"https:\/\/cio.umh.es\/en\/wp-json\/wp\/v2\/posts"}],"about":[{"href":"https:\/\/cio.umh.es\/en\/wp-json\/wp\/v2\/types\/post"}],"author":[{"embeddable":true,"href":"https:\/\/cio.umh.es\/en\/wp-json\/wp\/v2\/users\/3477"}],"replies":[{"embeddable":true,"href":"https:\/\/cio.umh.es\/en\/wp-json\/wp\/v2\/comments?post=592"}],"version-history":[{"count":0,"href":"https:\/\/cio.umh.es\/en\/wp-json\/wp\/v2\/posts\/592\/revisions"}],"wp:attachment":[{"href":"https:\/\/cio.umh.es\/en\/wp-json\/wp\/v2\/media?parent=592"}],"wp:term":[{"taxonomy":"category","embeddable":true,"href":"https:\/\/cio.umh.es\/en\/wp-json\/wp\/v2\/categories?post=592"},{"taxonomy":"post_tag","embeddable":true,"href":"https:\/\/cio.umh.es\/en\/wp-json\/wp\/v2\/tags?post=592"}],"curies":[{"name":"wp","href":"https:\/\/api.w.org\/{rel}","templated":true}]}}