{"id":3440,"date":"2000-07-19T08:30:00","date_gmt":"2000-07-19T08:30:00","guid":{"rendered":"http:\/\/cio.edu.umh.es\/?p=3440"},"modified":"2000-07-19T08:30:00","modified_gmt":"2000-07-19T08:30:00","slug":"abellan-j-j-alvarez-valdes-r-aniceto-s-armero-c-bayarri-m-j-martinez-mayoral-m-a-morales-j-mota-e-rabena-m-t-sanmatias-s-2000-practiques-destadistica-matema","status":"publish","type":"post","link":"https:\/\/cio.umh.es\/en\/2000\/07\/19\/abellan-j-j-alvarez-valdes-r-aniceto-s-armero-c-bayarri-m-j-martinez-mayoral-m-a-morales-j-mota-e-rabena-m-t-sanmatias-s-2000-practiques-destadistica-matema\/","title":{"rendered":"Abell\u00e1n, J.J., Alvarez-Vald\u00e9s, R., Aniceto, S., Armero, C., Bayarri, M.J., Mart\u00ednez Mayoral, M.A., Morales, J., Mota, E., Rabena, M.T., Sanmat\u00edas, S., (2000) &quot;Pr\u00e0ctiques d\u2019Estad\u00edstica Matem\u00e0tica&quot;, Servei de Publicacions de la Universitat de Val\u00e8ncia, Valencia"},"content":{"rendered":"","protected":false},"excerpt":{"rendered":"","protected":false},"author":5675,"featured_media":0,"comment_status":"open","ping_status":"open","sticky":false,"template":"","format":"standard","meta":{"_links_to":"","_links_to_target":""},"categories":[75,7834],"tags":[373843],"_links":{"self":[{"href":"https:\/\/cio.umh.es\/en\/wp-json\/wp\/v2\/posts\/3440"}],"collection":[{"href":"https:\/\/cio.umh.es\/en\/wp-json\/wp\/v2\/posts"}],"about":[{"href":"https:\/\/cio.umh.es\/en\/wp-json\/wp\/v2\/types\/post"}],"author":[{"embeddable":true,"href":"https:\/\/cio.umh.es\/en\/wp-json\/wp\/v2\/users\/5675"}],"replies":[{"embeddable":true,"href":"https:\/\/cio.umh.es\/en\/wp-json\/wp\/v2\/comments?post=3440"}],"version-history":[{"count":0,"href":"https:\/\/cio.umh.es\/en\/wp-json\/wp\/v2\/posts\/3440\/revisions"}],"wp:attachment":[{"href":"https:\/\/cio.umh.es\/en\/wp-json\/wp\/v2\/media?parent=3440"}],"wp:term":[{"taxonomy":"category","embeddable":true,"href":"https:\/\/cio.umh.es\/en\/wp-json\/wp\/v2\/categories?post=3440"},{"taxonomy":"post_tag","embeddable":true,"href":"https:\/\/cio.umh.es\/en\/wp-json\/wp\/v2\/tags?post=3440"}],"curies":[{"name":"wp","href":"https:\/\/api.w.org\/{rel}","templated":true}]}}