{"id":3412,"date":"2015-07-18T10:11:00","date_gmt":"2015-07-18T10:11:00","guid":{"rendered":"http:\/\/cio.edu.umh.es\/?p=3412"},"modified":"2015-07-18T10:11:00","modified_gmt":"2015-07-18T10:11:00","slug":"lopez-vizcaino-e-lombardia-m-j-morales-d-2015-small-area-estimation-of-labour-force-indicators-under-a-multinomial-model-with-correlated-time-and-area-effects-journal-of-the-royal-sta","status":"publish","type":"post","link":"https:\/\/cio.umh.es\/en\/2015\/07\/18\/lopez-vizcaino-e-lombardia-m-j-morales-d-2015-small-area-estimation-of-labour-force-indicators-under-a-multinomial-model-with-correlated-time-and-area-effects-journal-of-the-royal-sta\/","title":{"rendered":"L\u00f3pez-Vizca\u00edno, E., Lombard\u00eda, M.J., Morales, D. (2015) &quot;Small area estimation of labour force indicators under a multinomial model with correlated time and area effects&quot;, Journal of the Royal Statistical Society. Series A: Statistics in Society, 178 (3) : 535\u2013565"},"content":{"rendered":"","protected":false},"excerpt":{"rendered":"","protected":false},"author":5675,"featured_media":0,"comment_status":"open","ping_status":"open","sticky":false,"template":"","format":"standard","meta":{"_links_to":"","_links_to_target":""},"categories":[75,7834],"tags":[374547],"_links":{"self":[{"href":"https:\/\/cio.umh.es\/en\/wp-json\/wp\/v2\/posts\/3412"}],"collection":[{"href":"https:\/\/cio.umh.es\/en\/wp-json\/wp\/v2\/posts"}],"about":[{"href":"https:\/\/cio.umh.es\/en\/wp-json\/wp\/v2\/types\/post"}],"author":[{"embeddable":true,"href":"https:\/\/cio.umh.es\/en\/wp-json\/wp\/v2\/users\/5675"}],"replies":[{"embeddable":true,"href":"https:\/\/cio.umh.es\/en\/wp-json\/wp\/v2\/comments?post=3412"}],"version-history":[{"count":0,"href":"https:\/\/cio.umh.es\/en\/wp-json\/wp\/v2\/posts\/3412\/revisions"}],"wp:attachment":[{"href":"https:\/\/cio.umh.es\/en\/wp-json\/wp\/v2\/media?parent=3412"}],"wp:term":[{"taxonomy":"category","embeddable":true,"href":"https:\/\/cio.umh.es\/en\/wp-json\/wp\/v2\/categories?post=3412"},{"taxonomy":"post_tag","embeddable":true,"href":"https:\/\/cio.umh.es\/en\/wp-json\/wp\/v2\/tags?post=3412"}],"curies":[{"name":"wp","href":"https:\/\/api.w.org\/{rel}","templated":true}]}}