{"id":3267,"date":"1997-07-17T10:34:00","date_gmt":"1997-07-17T10:34:00","guid":{"rendered":"http:\/\/cio.edu.umh.es\/?p=3267"},"modified":"1997-07-17T10:34:00","modified_gmt":"1997-07-17T10:34:00","slug":"morales-d-1997-reduccion-de-la-varianza-y-estimacion-de-integrales-boletin-de-la-sociedad-de-estadistica-e-investigacion-operativa","status":"publish","type":"post","link":"https:\/\/cio.umh.es\/en\/1997\/07\/17\/morales-d-1997-reduccion-de-la-varianza-y-estimacion-de-integrales-boletin-de-la-sociedad-de-estadistica-e-investigacion-operativa\/","title":{"rendered":"Morales, D., (1997) &quot;Reducci\u00f3n de la varianza y estimaci\u00f3n de integrales&quot;, Bolet\u00edn de la Sociedad de Estad\u00edstica e Investigaci\u00f3n Operativa, 13 (3) : 2-6"},"content":{"rendered":"","protected":false},"excerpt":{"rendered":"","protected":false},"author":5675,"featured_media":0,"comment_status":"open","ping_status":"open","sticky":false,"template":"","format":"standard","meta":{"_links_to":"","_links_to_target":""},"categories":[75,7834],"tags":[374547],"_links":{"self":[{"href":"https:\/\/cio.umh.es\/en\/wp-json\/wp\/v2\/posts\/3267"}],"collection":[{"href":"https:\/\/cio.umh.es\/en\/wp-json\/wp\/v2\/posts"}],"about":[{"href":"https:\/\/cio.umh.es\/en\/wp-json\/wp\/v2\/types\/post"}],"author":[{"embeddable":true,"href":"https:\/\/cio.umh.es\/en\/wp-json\/wp\/v2\/users\/5675"}],"replies":[{"embeddable":true,"href":"https:\/\/cio.umh.es\/en\/wp-json\/wp\/v2\/comments?post=3267"}],"version-history":[{"count":0,"href":"https:\/\/cio.umh.es\/en\/wp-json\/wp\/v2\/posts\/3267\/revisions"}],"wp:attachment":[{"href":"https:\/\/cio.umh.es\/en\/wp-json\/wp\/v2\/media?parent=3267"}],"wp:term":[{"taxonomy":"category","embeddable":true,"href":"https:\/\/cio.umh.es\/en\/wp-json\/wp\/v2\/categories?post=3267"},{"taxonomy":"post_tag","embeddable":true,"href":"https:\/\/cio.umh.es\/en\/wp-json\/wp\/v2\/tags?post=3267"}],"curies":[{"name":"wp","href":"https:\/\/api.w.org\/{rel}","templated":true}]}}