{"id":28028,"date":"2025-01-01T11:18:19","date_gmt":"2025-01-01T10:18:19","guid":{"rendered":"https:\/\/cio.umh.es\/?p=28028"},"modified":"2026-02-27T11:19:54","modified_gmt":"2026-02-27T10:19:54","slug":"campos-sanchez-i-navarrete-munoz-e-m-barber-valles-j-x-martens-ds-riano-galan-i-irizar-a-llop-s-guxens-m-rodriguez-dehli-c-babarro-i-lozano-m-vrijheid-m-nawrot-ts-valera-gran-d","status":"publish","type":"post","link":"https:\/\/cio.umh.es\/en\/2025\/01\/01\/campos-sanchez-i-navarrete-munoz-e-m-barber-valles-j-x-martens-ds-riano-galan-i-irizar-a-llop-s-guxens-m-rodriguez-dehli-c-babarro-i-lozano-m-vrijheid-m-nawrot-ts-valera-gran-d\/","title":{"rendered":"Campos Sanchez, I.; Navarrete Mu\u00f1oz, E.M.; Barber Valles, J.X.; Martens DS; Ria\u00f1o-Gal\u00e1n I; Irizar A; LLop S; Guxens M; Rodr\u00edguez-Dehli C; Babarro I; Lozano M; Vrijheid M; Nawrot TS; Valera Gran, D., \u00abTelomere Length and Emotional and Behavioral Problems in Children from the Prospective Birth Cohort INfancia y Medio Ambiente (INMA) Study.\u00bb, CHILDREN-BASEL (Volumen: 12), pp. 1-14"},"content":{"rendered":"","protected":false},"excerpt":{"rendered":"","protected":false},"author":27324,"featured_media":0,"comment_status":"closed","ping_status":"open","sticky":false,"template":"","format":"standard","meta":{"_links_to":"","_links_to_target":""},"categories":[75,7834],"tags":[374060],"_links":{"self":[{"href":"https:\/\/cio.umh.es\/en\/wp-json\/wp\/v2\/posts\/28028"}],"collection":[{"href":"https:\/\/cio.umh.es\/en\/wp-json\/wp\/v2\/posts"}],"about":[{"href":"https:\/\/cio.umh.es\/en\/wp-json\/wp\/v2\/types\/post"}],"author":[{"embeddable":true,"href":"https:\/\/cio.umh.es\/en\/wp-json\/wp\/v2\/users\/27324"}],"replies":[{"embeddable":true,"href":"https:\/\/cio.umh.es\/en\/wp-json\/wp\/v2\/comments?post=28028"}],"version-history":[{"count":0,"href":"https:\/\/cio.umh.es\/en\/wp-json\/wp\/v2\/posts\/28028\/revisions"}],"wp:attachment":[{"href":"https:\/\/cio.umh.es\/en\/wp-json\/wp\/v2\/media?parent=28028"}],"wp:term":[{"taxonomy":"category","embeddable":true,"href":"https:\/\/cio.umh.es\/en\/wp-json\/wp\/v2\/categories?post=28028"},{"taxonomy":"post_tag","embeddable":true,"href":"https:\/\/cio.umh.es\/en\/wp-json\/wp\/v2\/tags?post=28028"}],"curies":[{"name":"wp","href":"https:\/\/api.w.org\/{rel}","templated":true}]}}