{"id":27934,"date":"2024-01-06T12:14:32","date_gmt":"2024-01-06T11:14:32","guid":{"rendered":"https:\/\/cio.umh.es\/?p=27934"},"modified":"2026-02-06T12:15:14","modified_gmt":"2026-02-06T11:15:14","slug":"campos-sanchez-i-eva-m-navarrete-munoz-martens-dries-barber-x-rodriguez-delhi-cristina-irizar-loibide-amaia-lozano-manuel-valera-gran-d-longitud-del-telomero-y-problemas-psicoemo","status":"publish","type":"post","link":"https:\/\/cio.umh.es\/en\/2024\/01\/06\/campos-sanchez-i-eva-m-navarrete-munoz-martens-dries-barber-x-rodriguez-delhi-cristina-irizar-loibide-amaia-lozano-manuel-valera-gran-d-longitud-del-telomero-y-problemas-psicoemo\/","title":{"rendered":"Campos Sanchez, I.; Eva M Navarrete Mu\u00f1oz; MARTENS, DRIES ; Barber, X.; RODR\u00cdGUEZ DELHI, CRISTINA; IRIZAR LOIBIDE, AMAIA ; LOZANO, MANUEL; Valera Gran, D., \u00abLongitud del tel\u00f3mero y problemas psicoemocionales en ni\u00f1os\/as del proyecto INMA\u00bb, en XLII REUNION ANUAL DE LA SOCIEDAD ESPA\u00d1OLA DE EPIDEMIOLOGIA (SEE) Y XIX CONGRESSO DA ASSOCIA\u00c7\u00c3O PORTUGUESA DE EPIDEMIOLOGIA (APE)"},"content":{"rendered":"","protected":false},"excerpt":{"rendered":"","protected":false},"author":27324,"featured_media":0,"comment_status":"open","ping_status":"open","sticky":false,"template":"","format":"standard","meta":{"_links_to":"","_links_to_target":""},"categories":[75,7834],"tags":[374060],"_links":{"self":[{"href":"https:\/\/cio.umh.es\/en\/wp-json\/wp\/v2\/posts\/27934"}],"collection":[{"href":"https:\/\/cio.umh.es\/en\/wp-json\/wp\/v2\/posts"}],"about":[{"href":"https:\/\/cio.umh.es\/en\/wp-json\/wp\/v2\/types\/post"}],"author":[{"embeddable":true,"href":"https:\/\/cio.umh.es\/en\/wp-json\/wp\/v2\/users\/27324"}],"replies":[{"embeddable":true,"href":"https:\/\/cio.umh.es\/en\/wp-json\/wp\/v2\/comments?post=27934"}],"version-history":[{"count":0,"href":"https:\/\/cio.umh.es\/en\/wp-json\/wp\/v2\/posts\/27934\/revisions"}],"wp:attachment":[{"href":"https:\/\/cio.umh.es\/en\/wp-json\/wp\/v2\/media?parent=27934"}],"wp:term":[{"taxonomy":"category","embeddable":true,"href":"https:\/\/cio.umh.es\/en\/wp-json\/wp\/v2\/categories?post=27934"},{"taxonomy":"post_tag","embeddable":true,"href":"https:\/\/cio.umh.es\/en\/wp-json\/wp\/v2\/tags?post=27934"}],"curies":[{"name":"wp","href":"https:\/\/api.w.org\/{rel}","templated":true}]}}