{"id":27301,"date":"2025-04-29T14:14:45","date_gmt":"2025-04-29T12:14:45","guid":{"rendered":"https:\/\/cio.umh.es\/?p=27301"},"modified":"2025-04-30T14:25:19","modified_gmt":"2025-04-30T12:25:19","slug":"seminario-ias-generativas","status":"publish","type":"post","link":"https:\/\/cio.umh.es\/en\/2025\/04\/29\/seminario-ias-generativas\/","title":{"rendered":"Seminario CIO: Introducci\u00f3n a las IAs generativas"},"content":{"rendered":"<p><strong>Date:<\/strong> 5 de mayo, de 10h a 13h<\/p>\n<p><strong>Lugar:<\/strong> Sala seminarios, Planta baja Edif. Torretamarit, UMH (Campus de Elche)<\/p>\n<p><strong>Modalidad:<\/strong> Presencial<\/p>\n<p><strong>Tem\u00e1tica:<\/strong> Las generativas suponen un cambio de paradigma en la gesti\u00f3n del conocimiento y resoluci\u00f3n de problemas. Tras una breve introducci\u00f3n a la IA y tras entender el gran salto que supone la irrupci\u00f3n de IAs generativas, este taller plantea la realizaci\u00f3n de pr\u00e1cticas con ChatGPT y Gemini para la creaci\u00f3n de textos formales, recopilaciones, generaci\u00f3n de im\u00e1genes, etc. Las actividades pr\u00e1cticas se orientar\u00e1n a la elaboraci\u00f3n y b\u00fasqueda de referencias para trabajos acad\u00e9micos.<\/p>\n<p><strong>Destinatarios:<\/strong> Estudiantes del Grado en Organizaci\u00f3n de Eventos, Protocolo y Relaciones Institucionales del IMEP, centro adscrito de la UMH.<\/p>\n<p><strong>Asistencia:<\/strong> requiere invitaci\u00f3n previa por parte de los organizadores.<\/p>\n<p>&#8212;&#8212;&#8212;&#8212;&#8212;&#8212;&#8212;&#8212;&#8212;&#8212;&#8212;&#8212;&#8212;&#8212;&#8212;&#8212;&#8212;&#8212;&#8212;&#8212;&#8212;&#8212;&#8212;&#8212;&#8212;&#8212;&#8212;&#8212;<\/p>\n<p><strong>Programa:<\/strong><\/p>\n<p>10:00h BIENVENIDA<\/p>\n<p>10:15h PARTE I<\/p>\n<ul>\n<li>IA: or\u00edgenes y fundamentos<\/li>\n<li>IA generativa: un cambio de paradigma<\/li>\n<li>Herramientas de IA generativa: diferentes versiones y rendimientos<\/li>\n<li>Herramientas de detecci\u00f3n de contenidos generados por IA<\/li>\n<\/ul>\n<p>11:15h DESCANSO<\/p>\n<p>11:30h PARTE II<\/p>\n<ul>\n<li>Pr\u00e1cticas con Gemini<\/li>\n<li>Pr\u00e1cticas con Chat GPT<\/li>\n<li>Debate y puesta en com\u00fan<\/li>\n<\/ul>\n<p>13h: CIERRE DE LA JORNADA<\/p>\n<p>Profesorado: Alejandro Rabasa e Irene Garc\u00eda-Prieto<\/p>","protected":false},"excerpt":{"rendered":"<p>Fecha: 5 de mayo, de 10h a 13h<br \/>\nLugar: Sala seminarios, Planta baja Edif. Torretamarit, UMH (Campus de Elche)<br \/>\nModalidad: Presencial<br \/>\nTem\u00e1tica: Las generativas suponen un cambio de paradigma en la gesti\u00f3n del conocimiento y resoluci\u00f3n de problemas. Tras una breve introducci\u00f3n a la IA y tras entender el gran salto que supone la irrupci\u00f3n de IAs generativas, [&#8230;]<\/p>","protected":false},"author":3477,"featured_media":0,"comment_status":"closed","ping_status":"open","sticky":false,"template":"","format":"standard","meta":{"_links_to":"","_links_to_target":""},"categories":[873],"tags":[],"_links":{"self":[{"href":"https:\/\/cio.umh.es\/en\/wp-json\/wp\/v2\/posts\/27301"}],"collection":[{"href":"https:\/\/cio.umh.es\/en\/wp-json\/wp\/v2\/posts"}],"about":[{"href":"https:\/\/cio.umh.es\/en\/wp-json\/wp\/v2\/types\/post"}],"author":[{"embeddable":true,"href":"https:\/\/cio.umh.es\/en\/wp-json\/wp\/v2\/users\/3477"}],"replies":[{"embeddable":true,"href":"https:\/\/cio.umh.es\/en\/wp-json\/wp\/v2\/comments?post=27301"}],"version-history":[{"count":0,"href":"https:\/\/cio.umh.es\/en\/wp-json\/wp\/v2\/posts\/27301\/revisions"}],"wp:attachment":[{"href":"https:\/\/cio.umh.es\/en\/wp-json\/wp\/v2\/media?parent=27301"}],"wp:term":[{"taxonomy":"category","embeddable":true,"href":"https:\/\/cio.umh.es\/en\/wp-json\/wp\/v2\/categories?post=27301"},{"taxonomy":"post_tag","embeddable":true,"href":"https:\/\/cio.umh.es\/en\/wp-json\/wp\/v2\/tags?post=27301"}],"curies":[{"name":"wp","href":"https:\/\/api.w.org\/{rel}","templated":true}]}}