{"id":27256,"date":"2025-01-15T13:05:23","date_gmt":"2025-01-15T12:05:23","guid":{"rendered":"https:\/\/cio.umh.es\/?p=27256"},"modified":"2025-02-07T14:09:53","modified_gmt":"2025-02-07T13:09:53","slug":"seminario-cio-enfoques-empiricos-en-la-gestion-de-la-cadena-de-suministro-perspectivas-de-red-y-sostenibilidad","status":"publish","type":"post","link":"https:\/\/cio.umh.es\/en\/2025\/01\/15\/seminario-cio-enfoques-empiricos-en-la-gestion-de-la-cadena-de-suministro-perspectivas-de-red-y-sostenibilidad\/","title":{"rendered":"Seminario CIO: Enfoques emp\u00edricos en la gesti\u00f3n de la cadena de suministro, perspectivas de red y sostenibilidad"},"content":{"rendered":"<p><span><strong>T\u00edtulo:<\/strong> Enfoques emp\u00edricos en la gesti\u00f3n de la cadena de suministro, perspectivas de red y sostenibilidad<br \/>\n<\/span><\/p>\n<p><strong>Ponente:<\/strong> Maximiliano Udenio Castro (KU Leuven, B\u00e9lgica)<\/p>\n<p><span><strong>Fecha y hora:<\/strong> 23\/01\/2025, 13:00<\/span><\/p>\n<p><span><strong>Inscripci\u00f3n online (cierre 30 minutos antes del inicio): <\/strong><a href=\"https:\/\/forms.gle\/2PdHseAPSoepBqJb8\">https:\/\/forms.gle\/2PdHseAPSoepBqJb8<\/a><\/span><\/p>\n<p><span><strong>Lugar<\/strong><strong>:<\/strong> Sala de Seminarios del Edificio Torretamarit (CIO) y online<\/span><\/p>\n<p><span><strong>Organizador: <\/strong>Mercedes Landete Ruiz<\/span><\/p>\n<p><strong>Abstract: <\/strong><\/p>\n<p style=\"text-align: justify\">En esta charla el ponente repasar\u00e1 sus proyectos de investigaci\u00f3n m\u00e1s recientes sobre distintos aspectos de la gesti\u00f3n de la cadena de suministro. En primer lugar, se aborda la evoluci\u00f3n de la estructura de las redes de suministro. A continuaci\u00f3n, se analizan las implicaciones de esta evoluci\u00f3n en la sostenibilidad y en la medici\u00f3n de las emisiones de \u201cscope 3\u201d. Finalmente, se presenta un problema abierto en la intersecci\u00f3n de la gesti\u00f3n y la optimizaci\u00f3n de la cadena de suministro: el dimensionamiento conjunto de flotas e infraestructura para la transici\u00f3n de veh\u00edculos di\u00e9sel a veh\u00edculos de combustible alternativo.<\/p>","protected":false},"excerpt":{"rendered":"<p>T\u00edtulo: Enfoques emp\u00edricos en la gesti\u00f3n de la cadena de suministro, perspectivas de red y sostenibilidad<\/p>\n<p>Ponente: Maximiliano Udenio Castro (KU Leuven, B\u00e9lgica)<br \/>\nFecha y hora: 23\/01\/2025, 13:00<br \/>\nInscripci\u00f3n online (cierre 30 minutos antes del inicio): https:\/\/forms.gle\/2PdHseAPSoepBqJb8<br \/>\nLugar: Sala de Seminarios del Edificio Torretamarit (CIO) y online<br \/>\nOrganizador: Mercedes Landete Ruiz<br \/>\nAbstract:<br \/>\nEn esta charla el ponente repasar\u00e1 sus proyectos de [&#8230;]<\/p>","protected":false},"author":3477,"featured_media":0,"comment_status":"closed","ping_status":"open","sticky":false,"template":"","format":"standard","meta":{"_links_to":"","_links_to_target":""},"categories":[873],"tags":[],"_links":{"self":[{"href":"https:\/\/cio.umh.es\/en\/wp-json\/wp\/v2\/posts\/27256"}],"collection":[{"href":"https:\/\/cio.umh.es\/en\/wp-json\/wp\/v2\/posts"}],"about":[{"href":"https:\/\/cio.umh.es\/en\/wp-json\/wp\/v2\/types\/post"}],"author":[{"embeddable":true,"href":"https:\/\/cio.umh.es\/en\/wp-json\/wp\/v2\/users\/3477"}],"replies":[{"embeddable":true,"href":"https:\/\/cio.umh.es\/en\/wp-json\/wp\/v2\/comments?post=27256"}],"version-history":[{"count":0,"href":"https:\/\/cio.umh.es\/en\/wp-json\/wp\/v2\/posts\/27256\/revisions"}],"wp:attachment":[{"href":"https:\/\/cio.umh.es\/en\/wp-json\/wp\/v2\/media?parent=27256"}],"wp:term":[{"taxonomy":"category","embeddable":true,"href":"https:\/\/cio.umh.es\/en\/wp-json\/wp\/v2\/categories?post=27256"},{"taxonomy":"post_tag","embeddable":true,"href":"https:\/\/cio.umh.es\/en\/wp-json\/wp\/v2\/tags?post=27256"}],"curies":[{"name":"wp","href":"https:\/\/api.w.org\/{rel}","templated":true}]}}