{"id":26868,"date":"2023-04-01T17:20:39","date_gmt":"2023-04-01T15:20:39","guid":{"rendered":"https:\/\/cio.umh.es\/?p=26868"},"modified":"2024-02-08T17:21:55","modified_gmt":"2024-02-08T16:21:55","slug":"jose-rosas-ana-pons-bas-gregorio-santos-soler-jose-miguel-senabre-gallego-jose-antonio-bernal-vidal-xavier-barber-valles-2023-efectividad-y-seguridad-con-belimumab-en-pacientes-con-les","status":"publish","type":"post","link":"https:\/\/cio.umh.es\/en\/2023\/04\/01\/jose-rosas-ana-pons-bas-gregorio-santos-soler-jose-miguel-senabre-gallego-jose-antonio-bernal-vidal-xavier-barber-valles-2023-efectividad-y-seguridad-con-belimumab-en-pacientes-con-les\/","title":{"rendered":"Jos\u00e9 Rosas, Ana Pons Bas, Gregorio Santos Soler, Jos\u00e9 Miguel Senabre Gallego, Jos\u00e9 Antonio Bernal Vidal, &amp; Xavier Barber Vall\u00e9s (2023). Efectividad y seguridad con Belimumab, en pacientes con LES: estudio en vida real.. Revista de la SVR: Sociedad Valenciana de Reumatolog\u00eda, 8, 4-10."},"content":{"rendered":"<p><strong>Jos\u00e9 Rosas (Secci\u00f3n Reumatolog\u00eda, Hospital Marina Baixa de la Vila Joiosa) Ana Pons Bas (Secci\u00f3n Reumatolog\u00eda, Hospital Marina Baixa de la Vila Joiosa), Gregorio Santos Soler (Secci\u00f3n Reumatolog\u00eda, Hospital Marina Baixa de la Vila Joiosa), Jos\u00e9 Miguel Senabre Gallego (Secci\u00f3n Reumatolog\u00eda, Hospital Marina Baixa de la Vila Joiosa), Jos\u00e9 Antonio Bernal Vidal (Secci\u00f3n Reumatolog\u00eda, Hospital Marina Baixa de la Vila Joiosa), y Xavier Barber Vall\u00e9s (Centro de Investigaci\u00f3n Operativa de la Universidad Miguel Hern\u00e1ndez de Elche).<\/strong><\/p>\n<p><strong>Abstract:<\/strong><\/p>\n<p>Objetivo: Evaluar la efectividad y seguridad de belimumab (BELI), combinado con el tratamiento est\u00e1ndar (BELI-TE), en una cohorte de pacientes con lupus eritematoso sist\u00e9mico (LES), en seguimiento en vida real.<\/p>\n<p>Materiales y m\u00e9todos: Estudio observacional retrospectivo, de pacientes con LES en seguimiento hasta 9 a\u00f1os, que han recibido BELI-TE. Se incluyen pacientes \u2265 18 a\u00f1os, con SLEDAI-2k (Systemic Lupus Erythematosus Disease Activity Index-2k) \u2265 6, anti-DNA positivo, hipocomplementemia, en tratamiento con corticoides. Se recogen datos demogr\u00e1ficos, cl\u00ednicos y de laboratorio de pacientes, as\u00ed como datos relacionados con la efectividad y seguridad de BELI.<\/p>\n<p>Resultados: Se incluyen 18 pacientes, 17 (94%) mujeres, de 47 (DE:13) a\u00f1os de media (rango: 23-69) y 18 (2.8) a\u00f1os de evoluci\u00f3n del LES (rango: 0.7-9). Las manifestaciones cl\u00ednicas \u2265 20% de los pacientes, previo inicio de BELI: artritis (72%), trombosis (39%):<\/p>\n<p>trombosis venosa profunda: 28%, y tromboembolismo pulmonar:<\/p>\n<p>11%), mucho-cut\u00e1neo (50%) y nefropat\u00eda (28%). El 100% de los pacientes ten\u00edan ANA y anti-DNA positivos e hipocomplementemia y segu\u00edan tratamiento con prednisona. 16 (84%) pacientes presentaban anticuerpos antifosfolip\u00eddicos.<\/p>\n<p>El tiempo medio en tratamiento con BELI era de 4.6 (2.8) a\u00f1os (rango: 0.7-9 a\u00f1os). Se suspendi\u00f3 en 6 (33%) pacientes: 2 (11%) por remisi\u00f3n, 2 (11%) por embarazo y 2 pacientes por efectos secundarios hematol\u00f3gicos.<\/p>\n<p>Respecto a la visita basal, se redujo el SLEDAI-2k (86%: 8.1 [3] vs 2.1 [2.4]) y los anti-DNA (86%: 133 [123] vs 18% [29], con negativizaci\u00f3n en el 61%), y se produjo un aumento del nivel de complemento (67%, con normalizaci\u00f3n en 50% de los pacientes), con reducci\u00f3n de la dosis de prednisona en el 100% y retirada en el 17%.<\/p>\n<p>Conclusi\u00f3n:En pacientes con LES con actividad moderada-grave, BELI-TE mejora la actividad cl\u00ednica de la enfermedad medida por SLEDAI-2k, reduce los niveles de anti-DNA, normaliza los valores de complemento y ayuda a reducir el uso de corticoides.<\/p>","protected":false},"excerpt":{"rendered":"<p>Jos\u00e9 Rosas (Secci\u00f3n Reumatolog\u00eda, Hospital Marina Baixa de la Vila Joiosa) Ana Pons Bas (Secci\u00f3n Reumatolog\u00eda, Hospital Marina Baixa de la Vila Joiosa), Gregorio Santos Soler (Secci\u00f3n Reumatolog\u00eda, Hospital Marina Baixa de la Vila Joiosa), Jos\u00e9 Miguel Senabre Gallego (Secci\u00f3n Reumatolog\u00eda, Hospital Marina Baixa de la Vila Joiosa), Jos\u00e9 Antonio Bernal Vidal (Secci\u00f3n Reumatolog\u00eda, Hospital [&#8230;]<\/p>","protected":false},"author":11048,"featured_media":0,"comment_status":"closed","ping_status":"open","sticky":false,"template":"","format":"standard","meta":{"_links_to":"","_links_to_target":""},"categories":[369888,75,7834],"tags":[374060],"_links":{"self":[{"href":"https:\/\/cio.umh.es\/en\/wp-json\/wp\/v2\/posts\/26868"}],"collection":[{"href":"https:\/\/cio.umh.es\/en\/wp-json\/wp\/v2\/posts"}],"about":[{"href":"https:\/\/cio.umh.es\/en\/wp-json\/wp\/v2\/types\/post"}],"author":[{"embeddable":true,"href":"https:\/\/cio.umh.es\/en\/wp-json\/wp\/v2\/users\/11048"}],"replies":[{"embeddable":true,"href":"https:\/\/cio.umh.es\/en\/wp-json\/wp\/v2\/comments?post=26868"}],"version-history":[{"count":0,"href":"https:\/\/cio.umh.es\/en\/wp-json\/wp\/v2\/posts\/26868\/revisions"}],"wp:attachment":[{"href":"https:\/\/cio.umh.es\/en\/wp-json\/wp\/v2\/media?parent=26868"}],"wp:term":[{"taxonomy":"category","embeddable":true,"href":"https:\/\/cio.umh.es\/en\/wp-json\/wp\/v2\/categories?post=26868"},{"taxonomy":"post_tag","embeddable":true,"href":"https:\/\/cio.umh.es\/en\/wp-json\/wp\/v2\/tags?post=26868"}],"curies":[{"name":"wp","href":"https:\/\/api.w.org\/{rel}","templated":true}]}}