{"id":26772,"date":"2023-09-05T08:50:28","date_gmt":"2023-09-05T06:50:28","guid":{"rendered":"https:\/\/cio.umh.es\/?p=26772"},"modified":"2023-09-05T08:50:28","modified_gmt":"2023-09-05T06:50:28","slug":"seminario-cio-la-consideracion-del-contexto-al-analizar-cambios-en-la-productividad-con-modelos-no-parametricos","status":"publish","type":"post","link":"https:\/\/cio.umh.es\/en\/2023\/09\/05\/seminario-cio-la-consideracion-del-contexto-al-analizar-cambios-en-la-productividad-con-modelos-no-parametricos\/","title":{"rendered":"Seminario CIO: La consideraci\u00f3n del contexto al analizar cambios en la productividad con modelos no param\u00e9tricos"},"content":{"rendered":"<p><span><strong>T\u00edtulo:<\/strong> La consideraci\u00f3n del contexto al analizar cambios en la productividad con modelos no param\u00e9tricos<br \/>\n<\/span><\/p>\n<p><strong>Ponente:<\/strong>Jos\u00e9 Manuel Cordero (Universidad de Extremadura)<\/p>\n<p><span><strong>Fecha y hora:<\/strong> 21\/09\/2023, 13:00<\/span><\/p>\n<p><span><strong>Lugar:<\/strong> Sala de seminarios (CIO)<\/span><\/p>\n<p><span><strong>Organizador:<\/strong> Juan Aparicio<\/span><\/p>\n<p><strong>Abstract:<\/strong><\/p>\n<p><span>Las variables de contexto o ambientales suelen desempe\u00f1ar un papel importante en la mayor\u00eda de los procesos productivos, condicionando en gran medida tanto la estimaci\u00f3n de los niveles de eficiencia de las unidades evaluadas como posibles factores explicativos de las ineficiencias detectadas en la mayor\u00eda de los estudios emp\u00edricos. Sin embargo, cuando se analizan los determinantes de los cambios de productividad que se producen a lo largo de un per\u00edodo, la posible influencia de estas variables no suele tenerse en cuenta, especialmente cuando las t\u00e9cnicas de medici\u00f3n utilizadas son no param\u00e9tricas. En este trabajo, proponemos un m\u00e9todo novedoso para incorporar informaci\u00f3n sobre variables contextuales en las descomposiciones de productividad de Malmquist basadas en medidas de eficiencia condicionales no param\u00e9tricas. La utilidad del enfoque propuesto se ilustra en una aplicaci\u00f3n emp\u00edrica que utiliza datos agregados sobre regiones de la Uni\u00f3n Europea (UE) con el prop\u00f3sito de investigar hasta qu\u00e9 punto un factor de contexto como la calidad institucional del gobierno puede tener incidencia sobre la evoluci\u00f3n de la productividad regional en los a\u00f1os posteriores a la \u00faltima crisis financiera.<\/span><\/p>","protected":false},"excerpt":{"rendered":"<p>T\u00edtulo: La consideraci\u00f3n del contexto al analizar cambios en la productividad con modelos no param\u00e9tricos<\/p>\n<p>Ponente:Jos\u00e9 Manuel Cordero (Universidad de Extremadura)<br \/>\nFecha y hora: 21\/09\/2023, 13:00<br \/>\nLugar: Sala de seminarios (CIO)<br \/>\nOrganizador: Juan Aparicio<br \/>\nAbstract:<br \/>\nLas variables de contexto o ambientales suelen desempe\u00f1ar un papel importante en la mayor\u00eda de los procesos productivos, condicionando en gran medida tanto la estimaci\u00f3n de [&#8230;]<\/p>","protected":false},"author":277,"featured_media":0,"comment_status":"open","ping_status":"open","sticky":false,"template":"","format":"standard","meta":{"_links_to":"","_links_to_target":""},"categories":[4,873],"tags":[],"_links":{"self":[{"href":"https:\/\/cio.umh.es\/en\/wp-json\/wp\/v2\/posts\/26772"}],"collection":[{"href":"https:\/\/cio.umh.es\/en\/wp-json\/wp\/v2\/posts"}],"about":[{"href":"https:\/\/cio.umh.es\/en\/wp-json\/wp\/v2\/types\/post"}],"author":[{"embeddable":true,"href":"https:\/\/cio.umh.es\/en\/wp-json\/wp\/v2\/users\/277"}],"replies":[{"embeddable":true,"href":"https:\/\/cio.umh.es\/en\/wp-json\/wp\/v2\/comments?post=26772"}],"version-history":[{"count":0,"href":"https:\/\/cio.umh.es\/en\/wp-json\/wp\/v2\/posts\/26772\/revisions"}],"wp:attachment":[{"href":"https:\/\/cio.umh.es\/en\/wp-json\/wp\/v2\/media?parent=26772"}],"wp:term":[{"taxonomy":"category","embeddable":true,"href":"https:\/\/cio.umh.es\/en\/wp-json\/wp\/v2\/categories?post=26772"},{"taxonomy":"post_tag","embeddable":true,"href":"https:\/\/cio.umh.es\/en\/wp-json\/wp\/v2\/tags?post=26772"}],"curies":[{"name":"wp","href":"https:\/\/api.w.org\/{rel}","templated":true}]}}