{"id":26355,"date":"2022-10-26T08:33:46","date_gmt":"2022-10-26T06:33:46","guid":{"rendered":"https:\/\/cio.umh.es\/?p=26355"},"modified":"2022-10-26T08:35:28","modified_gmt":"2022-10-26T06:35:28","slug":"metodos-escalables-de-deteccion-de-valores-atipicos-para-datos-funcionales","status":"publish","type":"post","link":"https:\/\/cio.umh.es\/en\/2022\/10\/26\/metodos-escalables-de-deteccion-de-valores-atipicos-para-datos-funcionales\/","title":{"rendered":"M\u00e9todos escalables de detecci\u00f3n de valores at\u00edpicos para datos funcionales"},"content":{"rendered":"<div data-elementor-type=\"wp-post\" data-elementor-id=\"26355\" class=\"elementor elementor-26355\" data-elementor-settings=\"[]\">\n\t\t\t\t\t\t<div class=\"elementor-inner\">\n\t\t\t\t\t\t\t<div class=\"elementor-section-wrap\">\n\t\t\t\t\t\t\t<section class=\"elementor-section elementor-top-section elementor-element elementor-element-f67d99d elementor-section-boxed elementor-section-height-default elementor-section-height-default\" data-id=\"f67d99d\" data-element_type=\"section\">\n\t\t\t\t\t\t<div class=\"elementor-container elementor-column-gap-default\">\n\t\t\t\t\t\t\t<div class=\"elementor-row\">\n\t\t\t\t\t<div class=\"elementor-column elementor-col-100 elementor-top-column elementor-element elementor-element-361d8a5\" data-id=\"361d8a5\" data-element_type=\"column\">\n\t\t\t<div class=\"elementor-column-wrap elementor-element-populated\">\n\t\t\t\t\t\t\t<div class=\"elementor-widget-wrap\">\n\t\t\t\t\t\t<div class=\"elementor-element elementor-element-de06483 elementor-widget elementor-widget-text-editor\" data-id=\"de06483\" data-element_type=\"widget\" data-widget_type=\"text-editor.default\">\n\t\t\t\t<div class=\"elementor-widget-container\">\n\t\t\t\t\t\t\t\t<div class=\"elementor-text-editor elementor-clearfix\">\n\t\t\t\t<p><span style=\"color: #000080\"><strong>T\u00edtulo:<\/strong> M\u00e9todos escalables de detecci\u00f3n de valores at\u00edpicos para datos funcionales<\/span><\/p><p><span style=\"color: #000080\"><strong>Ponente:<\/strong> Rosa Elvira Lillo (Universidad Carlos III de Madrid)<\/span><\/p><p><span style=\"color: #000080\"><strong>Organizador:<\/strong> Juan Aparicio<\/span><\/p><p><span style=\"color: #000080\"><strong>Date:<\/strong> Viernes\u00a0 4 de noviembre de 2022 a las 12:30 horas<\/span><\/p><p><span style=\"color: #000080\"><strong>Lugar:<\/strong> Thinking Lab<\/span><\/p>\t\t\t\t\t<\/div>\n\t\t\t\t\t\t<\/div>\n\t\t\t\t<\/div>\n\t\t\t\t<div class=\"elementor-element elementor-element-94f5067 elementor-widget elementor-widget-text-editor\" data-id=\"94f5067\" data-element_type=\"widget\" data-widget_type=\"text-editor.default\">\n\t\t\t\t<div class=\"elementor-widget-container\">\n\t\t\t\t\t\t\t\t<div class=\"elementor-text-editor elementor-clearfix\">\n\t\t\t\t\t\t\t\t\t<\/div>\n\t\t\t\t\t\t<\/div>\n\t\t\t\t<\/div>\n\t\t\t\t<div class=\"elementor-element elementor-element-5517c56 elementor-widget elementor-widget-text-editor\" data-id=\"5517c56\" data-element_type=\"widget\" data-widget_type=\"text-editor.default\">\n\t\t\t\t<div class=\"elementor-widget-container\">\n\t\t\t\t\t\t\t\t<div class=\"elementor-text-editor elementor-clearfix\">\n\t\t\t\t<p><span style=\"color: #000080\"><strong>Abstract:<\/strong> En esta charla se recorrer\u00e1 todo el proceso que hemos seguido en una l\u00ednea de investigaci\u00f3n que se inicia con la b\u00fasqueda de usuarios influyentes en redes sociales y que se transforma en el desarrollo e implementaci\u00f3n de varios procedimientos de detecci\u00f3n de at\u00edpicos en datos funcionales, con la caracter\u00edstica de que son escalables para datos masivos. Se describir\u00e1 la evoluci\u00f3n de la l\u00ednea de investigaci\u00f3n multidisciplinar iniciada en t\u00e9rminos de metodolog\u00eda, teor\u00eda, aplicaciones y extensi\u00f3n al campo de datos multivariantes funcionales.<\/span><\/p>\t\t\t\t\t<\/div>\n\t\t\t\t\t\t<\/div>\n\t\t\t\t<\/div>\n\t\t\t\t\t\t<\/div>\n\t\t\t\t\t<\/div>\n\t\t<\/div>\n\t\t\t\t\t\t\t\t<\/div>\n\t\t\t\t\t<\/div>\n\t\t<\/section>\n\t\t\t\t\t\t<\/div>\n\t\t\t\t\t\t<\/div>\n\t\t\t\t\t<\/div>","protected":false},"excerpt":{"rendered":"<p>T\u00edtulo: M\u00e9todos escalables de detecci\u00f3n de valores at\u00edpicos para datos funcionales<br \/>\nPonente: Rosa Elvira Lillo (Universidad Carlos III de Madrid)<br \/>\nOrganizador: Juan Aparicio<br \/>\nFecha: Viernes\u00a0 4 de noviembre de 2022 a las 12:30 horas<br \/>\nLugar: Thinking Lab<br \/>\nAbstract: En esta charla se recorrer\u00e1 todo el proceso que hemos seguido en una l\u00ednea de investigaci\u00f3n que se inicia con la b\u00fasqueda [&#8230;]<\/p>","protected":false},"author":5675,"featured_media":0,"comment_status":"closed","ping_status":"open","sticky":false,"template":"","format":"standard","meta":{"_links_to":"","_links_to_target":""},"categories":[873],"tags":[],"_links":{"self":[{"href":"https:\/\/cio.umh.es\/en\/wp-json\/wp\/v2\/posts\/26355"}],"collection":[{"href":"https:\/\/cio.umh.es\/en\/wp-json\/wp\/v2\/posts"}],"about":[{"href":"https:\/\/cio.umh.es\/en\/wp-json\/wp\/v2\/types\/post"}],"author":[{"embeddable":true,"href":"https:\/\/cio.umh.es\/en\/wp-json\/wp\/v2\/users\/5675"}],"replies":[{"embeddable":true,"href":"https:\/\/cio.umh.es\/en\/wp-json\/wp\/v2\/comments?post=26355"}],"version-history":[{"count":0,"href":"https:\/\/cio.umh.es\/en\/wp-json\/wp\/v2\/posts\/26355\/revisions"}],"wp:attachment":[{"href":"https:\/\/cio.umh.es\/en\/wp-json\/wp\/v2\/media?parent=26355"}],"wp:term":[{"taxonomy":"category","embeddable":true,"href":"https:\/\/cio.umh.es\/en\/wp-json\/wp\/v2\/categories?post=26355"},{"taxonomy":"post_tag","embeddable":true,"href":"https:\/\/cio.umh.es\/en\/wp-json\/wp\/v2\/tags?post=26355"}],"curies":[{"name":"wp","href":"https:\/\/api.w.org\/{rel}","templated":true}]}}