{"id":25834,"date":"2021-06-01T10:35:43","date_gmt":"2021-06-01T08:35:43","guid":{"rendered":"https:\/\/cio.umh.es\/?p=25834"},"modified":"2022-03-01T10:43:37","modified_gmt":"2022-03-01T09:43:37","slug":"barrachina-j-muriel-j-margarit-c-planelles-b-ballester-p-richart-martinez-m-cutillas-e-zandonai-t-morales-d-peiro-a-m-2021-global-pain-state-questionnaire-reliabili-2","status":"publish","type":"post","link":"https:\/\/cio.umh.es\/en\/2021\/06\/01\/barrachina-j-muriel-j-margarit-c-planelles-b-ballester-p-richart-martinez-m-cutillas-e-zandonai-t-morales-d-peiro-a-m-2021-global-pain-state-questionnaire-reliabili-2\/","title":{"rendered":"Barrachina, J., Muriel, J., Margarit, C., Planelles, B.,  Ballester, P., Richart-Mart\u00ednez, M., Cutillas, E., Zandonai, T., Morales, D., Peir\u00f3, A.M.  (2021) \u00abGlobal Pain State questionnaire: reliability, validity, and gender gap\u00bb, Archives of Internal Medicine Research, 4 (2):  84-106"},"content":{"rendered":"<p class=\"AuthorHeader-module__syvlN margin-size-4-t\"><strong style=\"font-size: 18px\">Jordi Barrachina, Javier Muriel, Cesar Margarit, Beatriz Planelles, Pura Ballester (<span>Neuropharmacology on Pain and Functional Diversity, Institute of Health and Biomedical Research of Alicante<\/span>), Miguel Richart-Mart\u00ednez(Department of Nursing, Faculty of Health Sciences, University of Alicante), Esperanza Cutillas (Occupational Observatory, Miguel Hern\u00e1ndez University of Elche), Thomas Zandonai (Department of Clinical Pharmacology, Paediatrics and Organic Chemistry, Miguel Hern\u00e1ndez University of Elche) Domingo Morales (Operations Research Centre, Miguel Hern\u00e1ndez University of Elche) and <strong>Ana M Peir\u00f3 (Clinical Pharmacology Unit, Department of Health, Alicante &#8211; General Hospital)<\/strong><\/strong><\/p>\n<p><strong>Abstract: <\/strong>To quantify patients\u2019 pain more objectively is essential to guide an individualized therapy, all the more so in patients under long-term opioid-use. Only a thoughtful and objective understanding of risks and benefits could improve an individualized standard of care. Our aim was to assess metric reliability and validity of an integrated and self-report Global Pain Status questionnaire to quantify the impact of pain on patient\u2019s health in a more precise manner.<\/p>","protected":false},"excerpt":{"rendered":"<p>Jordi Barrachina, Javier Muriel, Cesar Margarit, Beatriz Planelles, Pura Ballester (Neuropharmacology on Pain and Functional Diversity, Institute of Health and Biomedical Research of Alicante), Miguel Richart-Mart\u00ednez(Department of Nursing, Faculty of Health Sciences, University of Alicante), Esperanza Cutillas (Occupational Observatory, Miguel Hern\u00e1ndez University of Elche), Thomas Zandonai (Department of Clinical Pharmacology, Paediatrics and Organic Chemistry, Miguel [&#8230;]<\/p>","protected":false},"author":5675,"featured_media":0,"comment_status":"closed","ping_status":"open","sticky":false,"template":"","format":"standard","meta":{"_links_to":"","_links_to_target":""},"categories":[369888],"tags":[],"_links":{"self":[{"href":"https:\/\/cio.umh.es\/en\/wp-json\/wp\/v2\/posts\/25834"}],"collection":[{"href":"https:\/\/cio.umh.es\/en\/wp-json\/wp\/v2\/posts"}],"about":[{"href":"https:\/\/cio.umh.es\/en\/wp-json\/wp\/v2\/types\/post"}],"author":[{"embeddable":true,"href":"https:\/\/cio.umh.es\/en\/wp-json\/wp\/v2\/users\/5675"}],"replies":[{"embeddable":true,"href":"https:\/\/cio.umh.es\/en\/wp-json\/wp\/v2\/comments?post=25834"}],"version-history":[{"count":0,"href":"https:\/\/cio.umh.es\/en\/wp-json\/wp\/v2\/posts\/25834\/revisions"}],"wp:attachment":[{"href":"https:\/\/cio.umh.es\/en\/wp-json\/wp\/v2\/media?parent=25834"}],"wp:term":[{"taxonomy":"category","embeddable":true,"href":"https:\/\/cio.umh.es\/en\/wp-json\/wp\/v2\/categories?post=25834"},{"taxonomy":"post_tag","embeddable":true,"href":"https:\/\/cio.umh.es\/en\/wp-json\/wp\/v2\/tags?post=25834"}],"curies":[{"name":"wp","href":"https:\/\/api.w.org\/{rel}","templated":true}]}}