{"id":25318,"date":"2021-10-14T11:23:14","date_gmt":"2021-10-14T09:23:14","guid":{"rendered":"https:\/\/cio.umh.es\/?p=25318"},"modified":"2022-01-14T11:25:45","modified_gmt":"2022-01-14T10:25:45","slug":"valencia-k-rusu-c-botella-f-2021-a-preliminary-methodology-to-evaluate-the-user-experience-for-people-with-autism-spectrum-disorder-13th-international-conference-on-social-computing-and","status":"publish","type":"post","link":"https:\/\/cio.umh.es\/en\/2021\/10\/14\/valencia-k-rusu-c-botella-f-2021-a-preliminary-methodology-to-evaluate-the-user-experience-for-people-with-autism-spectrum-disorder-13th-international-conference-on-social-computing-and\/","title":{"rendered":"Valencia, K., Rusu, C., Botella, F. (2021) \u00abA Preliminary Methodology to Evaluate the User Experience for People with Autism Spectrum Disorder\u00bb, 13th International Conference on Social Computing and Social Media, SCSM 2021, held as part of the 23rd International Conference on Human-Computer Interaction, HCII 2021, Lecture Notes in Computer Science (including subseries Lecture Notes in Artificial Intelligence and Lecture Notes in Bioinformatics), 12774:538\u2013547"},"content":{"rendered":"<p class=\"AuthorHeader-module__syvlN margin-size-4-t\" style=\"text-align: justify\"><strong style=\"font-size: 18px\">Katherine Valencia, Cristian Rusu (Pontificia Universidad Cat\u00f3lica de Valpara\u00edso) and Federico Botella (<em>University Miguel Hern\u00e1ndez of Elche<\/em>)\u00a0<\/strong><\/p>\n<p style=\"text-align: justify\"><strong>Abstract:\u00a0<\/strong><span>People with Autism Spectrum Disorder (ASD) have significant challenges in the development of their communication and social skills. They tend to enjoy interactions with computers, as these interactions offer a safe and structured environment. Several studies have been dedicated to develop software systems and\/or applications for people with ASD, trying to be as accessible and usable as possible. However, these studies do not present enough details on usability and User eXperience (UX) evaluation, nor empirical evidence in their research; therefore, we think it is necessary to formalize the process of UX evaluation, when working with people with ASD. We stablish a preliminary methodology to evaluate UX for people with ASD. This methodology proposes 3 sequential stages, a planning stage, an execution stage and a results analysis stage. The methodology facilitates the correct selection of participants, evaluators and methods, as well as the execution of these methods, and the processing of the results. It aims to obtain valuable UX insights that can help the to improve users\u2019 skill learning, and thus their quality of life, through the use of technology.<\/span><\/p>","protected":false},"excerpt":{"rendered":"<p>Katherine Valencia, Cristian Rusu (Pontificia Universidad Cat\u00f3lica de Valpara\u00edso) and Federico Botella (University Miguel Hern\u00e1ndez of Elche)\u00a0<br \/>\nAbstract:\u00a0People with Autism Spectrum Disorder (ASD) have significant challenges in the development of their communication and social skills. They tend to enjoy interactions with computers, as these interactions offer a safe and structured environment. Several studies have been dedicated [&#8230;]<\/p>","protected":false},"author":5675,"featured_media":0,"comment_status":"closed","ping_status":"open","sticky":false,"template":"","format":"standard","meta":{"_links_to":"","_links_to_target":""},"categories":[369888],"tags":[],"_links":{"self":[{"href":"https:\/\/cio.umh.es\/en\/wp-json\/wp\/v2\/posts\/25318"}],"collection":[{"href":"https:\/\/cio.umh.es\/en\/wp-json\/wp\/v2\/posts"}],"about":[{"href":"https:\/\/cio.umh.es\/en\/wp-json\/wp\/v2\/types\/post"}],"author":[{"embeddable":true,"href":"https:\/\/cio.umh.es\/en\/wp-json\/wp\/v2\/users\/5675"}],"replies":[{"embeddable":true,"href":"https:\/\/cio.umh.es\/en\/wp-json\/wp\/v2\/comments?post=25318"}],"version-history":[{"count":0,"href":"https:\/\/cio.umh.es\/en\/wp-json\/wp\/v2\/posts\/25318\/revisions"}],"wp:attachment":[{"href":"https:\/\/cio.umh.es\/en\/wp-json\/wp\/v2\/media?parent=25318"}],"wp:term":[{"taxonomy":"category","embeddable":true,"href":"https:\/\/cio.umh.es\/en\/wp-json\/wp\/v2\/categories?post=25318"},{"taxonomy":"post_tag","embeddable":true,"href":"https:\/\/cio.umh.es\/en\/wp-json\/wp\/v2\/tags?post=25318"}],"curies":[{"name":"wp","href":"https:\/\/api.w.org\/{rel}","templated":true}]}}