{"id":24600,"date":"2020-07-14T12:32:06","date_gmt":"2020-07-14T10:32:06","guid":{"rendered":"http:\/\/cio2.zeus.umh.es\/?p=24600"},"modified":"2021-07-22T09:50:06","modified_gmt":"2021-07-22T07:50:06","slug":"montiel-i-mayoral-a-m-pedreno-j-n-maiques-s-santos-g-m-d-2020-linking-sustainable-development-goals-with-thermal-comfort-and-lighting-conditions-in-educational-environments","status":"publish","type":"post","link":"https:\/\/cio.umh.es\/en\/2020\/07\/14\/montiel-i-mayoral-a-m-pedreno-j-n-maiques-s-santos-g-m-d-2020-linking-sustainable-development-goals-with-thermal-comfort-and-lighting-conditions-in-educational-environments\/","title":{"rendered":"Jim\u00e9nez-Hern\u00e1ndez, D., Gonz\u00e1lez-Calatayud, V., Torres-Soto, A., Mayoral, A.M., Morales, J. (2020) \u201cDigital competence of future secondary school teachers: Differences according to gender, age, and branch of knowledge\u201d, Sustainability (Switzerland), 12 (22):1\u201316, 9473"},"content":{"rendered":"","protected":false},"excerpt":{"rendered":"","protected":false},"author":5675,"featured_media":0,"comment_status":"closed","ping_status":"open","sticky":false,"template":"","format":"standard","meta":{"_links_to":"","_links_to_target":""},"categories":[75,7834],"tags":[373843,376219],"_links":{"self":[{"href":"https:\/\/cio.umh.es\/en\/wp-json\/wp\/v2\/posts\/24600"}],"collection":[{"href":"https:\/\/cio.umh.es\/en\/wp-json\/wp\/v2\/posts"}],"about":[{"href":"https:\/\/cio.umh.es\/en\/wp-json\/wp\/v2\/types\/post"}],"author":[{"embeddable":true,"href":"https:\/\/cio.umh.es\/en\/wp-json\/wp\/v2\/users\/5675"}],"replies":[{"embeddable":true,"href":"https:\/\/cio.umh.es\/en\/wp-json\/wp\/v2\/comments?post=24600"}],"version-history":[{"count":0,"href":"https:\/\/cio.umh.es\/en\/wp-json\/wp\/v2\/posts\/24600\/revisions"}],"wp:attachment":[{"href":"https:\/\/cio.umh.es\/en\/wp-json\/wp\/v2\/media?parent=24600"}],"wp:term":[{"taxonomy":"category","embeddable":true,"href":"https:\/\/cio.umh.es\/en\/wp-json\/wp\/v2\/categories?post=24600"},{"taxonomy":"post_tag","embeddable":true,"href":"https:\/\/cio.umh.es\/en\/wp-json\/wp\/v2\/tags?post=24600"}],"curies":[{"name":"wp","href":"https:\/\/api.w.org\/{rel}","templated":true}]}}