{"id":24594,"date":"2021-07-14T12:28:24","date_gmt":"2021-07-14T10:28:24","guid":{"rendered":"http:\/\/cio2.zeus.umh.es\/?p=24594"},"modified":"2022-07-08T11:02:48","modified_gmt":"2022-07-08T09:02:48","slug":"lopez-lopez-v-abrisqueta-j-lujan-j-lynn-p-b-frutos-l-ono-a-ortiz-e-lopez-espin-j-j-gil-j-parrilla-p-2021-assessing-tumor-response-to-neoadjuvant-chemoradiation-in-recta","status":"publish","type":"post","link":"https:\/\/cio.umh.es\/en\/2021\/07\/14\/lopez-lopez-v-abrisqueta-j-lujan-j-lynn-p-b-frutos-l-ono-a-ortiz-e-lopez-espin-j-j-gil-j-parrilla-p-2021-assessing-tumor-response-to-neoadjuvant-chemoradiation-in-recta\/","title":{"rendered":"L\u00f3pez-L\u00f3pez, V., Abrisqueta, J., Luj\u00e1n, J., Lynn P.B., Frutos L., Ono A., Ortiz E., Lopez-Espin J.J., Gil, J., Parrilla, P. (2021) &quot;Assessing tumor response to neoadjuvant chemoradiation in rectal cancer with rectoscopy and 18f-fdg pet\/ct: Results from a prospective series&quot;, Revista Espanola de Enfermedades Digestivas, 113 (5):307\u2013312"},"content":{"rendered":"","protected":false},"excerpt":{"rendered":"","protected":false},"author":5675,"featured_media":0,"comment_status":"closed","ping_status":"open","sticky":false,"template":"","format":"standard","meta":{"_links_to":"","_links_to_target":""},"categories":[75,7834],"tags":[377562],"_links":{"self":[{"href":"https:\/\/cio.umh.es\/en\/wp-json\/wp\/v2\/posts\/24594"}],"collection":[{"href":"https:\/\/cio.umh.es\/en\/wp-json\/wp\/v2\/posts"}],"about":[{"href":"https:\/\/cio.umh.es\/en\/wp-json\/wp\/v2\/types\/post"}],"author":[{"embeddable":true,"href":"https:\/\/cio.umh.es\/en\/wp-json\/wp\/v2\/users\/5675"}],"replies":[{"embeddable":true,"href":"https:\/\/cio.umh.es\/en\/wp-json\/wp\/v2\/comments?post=24594"}],"version-history":[{"count":0,"href":"https:\/\/cio.umh.es\/en\/wp-json\/wp\/v2\/posts\/24594\/revisions"}],"wp:attachment":[{"href":"https:\/\/cio.umh.es\/en\/wp-json\/wp\/v2\/media?parent=24594"}],"wp:term":[{"taxonomy":"category","embeddable":true,"href":"https:\/\/cio.umh.es\/en\/wp-json\/wp\/v2\/categories?post=24594"},{"taxonomy":"post_tag","embeddable":true,"href":"https:\/\/cio.umh.es\/en\/wp-json\/wp\/v2\/tags?post=24594"}],"curies":[{"name":"wp","href":"https:\/\/api.w.org\/{rel}","templated":true}]}}