{"id":24500,"date":"2021-07-14T09:46:14","date_gmt":"2021-07-14T07:46:14","guid":{"rendered":"http:\/\/cio2.zeus.umh.es\/?p=24500"},"modified":"2021-11-10T10:02:05","modified_gmt":"2021-11-10T09:02:05","slug":"bayes-y-la-busqueda-del-modelo-perfecto","status":"publish","type":"post","link":"https:\/\/cio.umh.es\/en\/2021\/07\/14\/bayes-y-la-busqueda-del-modelo-perfecto\/","title":{"rendered":"Bayes y la b\u00fasqueda del modelo perfecto"},"content":{"rendered":"<div data-elementor-type=\"wp-post\" data-elementor-id=\"24500\" class=\"elementor elementor-24500\" data-elementor-settings=\"[]\">\n\t\t\t\t\t\t<div class=\"elementor-inner\">\n\t\t\t\t\t\t\t<div class=\"elementor-section-wrap\">\n\t\t\t\t\t\t\t<section class=\"elementor-section elementor-top-section elementor-element elementor-element-f67d99d elementor-section-boxed elementor-section-height-default elementor-section-height-default\" data-id=\"f67d99d\" data-element_type=\"section\">\n\t\t\t\t\t\t<div class=\"elementor-container elementor-column-gap-default\">\n\t\t\t\t\t\t\t<div class=\"elementor-row\">\n\t\t\t\t\t<div class=\"elementor-column elementor-col-100 elementor-top-column elementor-element elementor-element-361d8a5\" data-id=\"361d8a5\" data-element_type=\"column\">\n\t\t\t<div class=\"elementor-column-wrap elementor-element-populated\">\n\t\t\t\t\t\t\t<div class=\"elementor-widget-wrap\">\n\t\t\t\t\t\t<div class=\"elementor-element elementor-element-de06483 elementor-widget elementor-widget-text-editor\" data-id=\"de06483\" data-element_type=\"widget\" data-widget_type=\"text-editor.default\">\n\t\t\t\t<div class=\"elementor-widget-container\">\n\t\t\t\t\t\t\t\t<div class=\"elementor-text-editor elementor-clearfix\">\n\t\t\t\t<p><strong>T\u00edtulo:\u00a0<\/strong>Bayes y la b\u00fasqueda del modelo perfecto<\/p><p><strong>Ponente:\u00a0<\/strong>Anabel Forte Deltell (Universidad de Valencia)<\/p><p><strong>Organizador:<\/strong>\u00a0Xavier Barber<\/p><p><strong>Date:<\/strong>\u00a0Lunes 19 de julio de 2021 a las 12:00 horas.<\/p><p><strong>Lugar:<\/strong>\u00a0Online.<\/p>\t\t\t\t\t<\/div>\n\t\t\t\t\t\t<\/div>\n\t\t\t\t<\/div>\n\t\t\t\t<div class=\"elementor-element elementor-element-7789093 elementor-button-success elementor-align-center elementor-widget elementor-widget-button\" data-id=\"7789093\" data-element_type=\"widget\" data-widget_type=\"button.default\">\n\t\t\t\t<div class=\"elementor-widget-container\">\n\t\t\t\t\t<div class=\"elementor-button-wrapper\">\n\t\t\t<a href=\"https:\/\/www.youtube.com\/watch?v=6VeEsukmgS0\" class=\"elementor-button-link elementor-button elementor-size-sm\" role=\"button\">\n\t\t\t\t\t\t<span class=\"elementor-button-content-wrapper\">\n\t\t\t\t\t\t<span class=\"elementor-button-text\">Ver el seminario<\/span>\n\t\t<\/span>\n\t\t\t\t\t<\/a>\n\t\t<\/div>\n\t\t\t\t<\/div>\n\t\t\t\t<\/div>\n\t\t\t\t<div class=\"elementor-element elementor-element-94f5067 elementor-widget elementor-widget-text-editor\" data-id=\"94f5067\" data-element_type=\"widget\" data-widget_type=\"text-editor.default\">\n\t\t\t\t<div class=\"elementor-widget-container\">\n\t\t\t\t\t\t\t\t<div class=\"elementor-text-editor elementor-clearfix\">\n\t\t\t\t\t\t\t\t\t<\/div>\n\t\t\t\t\t\t<\/div>\n\t\t\t\t<\/div>\n\t\t\t\t<div class=\"elementor-element elementor-element-5517c56 elementor-widget elementor-widget-text-editor\" data-id=\"5517c56\" data-element_type=\"widget\" data-widget_type=\"text-editor.default\">\n\t\t\t\t<div class=\"elementor-widget-container\">\n\t\t\t\t\t\t\t\t<div class=\"elementor-text-editor elementor-clearfix\">\n\t\t\t\t<div class=\"entry-content\"><p><strong>Abstract:\u00a0<\/strong>Entender c\u00f3mo funciona el mundo que nos rodea y cu\u00e1les son las relaciones entre los procesos que tienen lugar en \u00e9l, ha sido siempre un objetivo primordial para el ser humano. Los modelos matem\u00e1ticos y estad\u00edsticos son una gran herramienta para cumplir con este prop\u00f3sito. Sin embargo, en un mundo en el que el acceso a datos e informaci\u00f3n es cada vez m\u00e1s f\u00e1cil, y la capacidad computacional es cada vez mayor, elegir un modelo adecuado se convierte en un gran reto. Por una parte, cabe determinar qu\u00e9 variables est\u00e1n involucradas en un proceso de inter\u00e9s. \u00bfEst\u00e1 relacionada la temperatura ambiente con el funcionamiento de una placa solar? \u00bfPuede verse influido el crecimiento de un pa\u00eds por su consumo energ\u00e9tico? \u00bfQu\u00e9 componentes del ADN est\u00e1n relacionadas con la resistencia a una enfermedad? Por otra parte, ser\u00e1 necesario elegir la forma del modelo, las distribuciones probabil\u00edsticas o las ecuaciones adecuadas al proceso. Dos tareas nada sencillas para las que existen multitud de aproximaciones. En concreto, en esta charla, daremos un paseo por el mundo de la selecci\u00f3n Bayesiana de modelos y los grandes retos que ha supuesto para el desarrollo de la Estad\u00edstica.<\/p><\/div><div class=\"et_post_meta_wrapper\"><section id=\"comment-wrap\"><div id=\"comment-section\" class=\"nocomments\"><\/div><div id=\"respond\" class=\"comment-respond\"><\/div><\/section><\/div>\t\t\t\t\t<\/div>\n\t\t\t\t\t\t<\/div>\n\t\t\t\t<\/div>\n\t\t\t\t\t\t<\/div>\n\t\t\t\t\t<\/div>\n\t\t<\/div>\n\t\t\t\t\t\t\t\t<\/div>\n\t\t\t\t\t<\/div>\n\t\t<\/section>\n\t\t\t\t\t\t<\/div>\n\t\t\t\t\t\t<\/div>\n\t\t\t\t\t<\/div>","protected":false},"excerpt":{"rendered":"<p>T\u00edtulo:\u00a0Bayes y la b\u00fasqueda del modelo perfecto<br \/>\nPonente:\u00a0Anabel Forte Deltell (Universidad de Valencia)<br \/>\nOrganizador:\u00a0Xavier Barber<br \/>\nFecha:\u00a0Lunes 19 de julio de 2021 a las 12:00 horas.<br \/>\nLugar:\u00a0Online.<\/p>\n<p>\t\t\t\t\t\tVer el seminario<\/p>\n<p>Abstract:\u00a0Entender c\u00f3mo funciona el mundo que nos rodea y cu\u00e1les son las relaciones entre los procesos que tienen lugar en \u00e9l, ha sido siempre un objetivo primordial para el ser humano. Los [&#8230;]<\/p>","protected":false},"author":6190,"featured_media":0,"comment_status":"closed","ping_status":"open","sticky":false,"template":"","format":"standard","meta":{"_links_to":"","_links_to_target":""},"categories":[4,873,357277],"tags":[],"_links":{"self":[{"href":"https:\/\/cio.umh.es\/en\/wp-json\/wp\/v2\/posts\/24500"}],"collection":[{"href":"https:\/\/cio.umh.es\/en\/wp-json\/wp\/v2\/posts"}],"about":[{"href":"https:\/\/cio.umh.es\/en\/wp-json\/wp\/v2\/types\/post"}],"author":[{"embeddable":true,"href":"https:\/\/cio.umh.es\/en\/wp-json\/wp\/v2\/users\/6190"}],"replies":[{"embeddable":true,"href":"https:\/\/cio.umh.es\/en\/wp-json\/wp\/v2\/comments?post=24500"}],"version-history":[{"count":0,"href":"https:\/\/cio.umh.es\/en\/wp-json\/wp\/v2\/posts\/24500\/revisions"}],"wp:attachment":[{"href":"https:\/\/cio.umh.es\/en\/wp-json\/wp\/v2\/media?parent=24500"}],"wp:term":[{"taxonomy":"category","embeddable":true,"href":"https:\/\/cio.umh.es\/en\/wp-json\/wp\/v2\/categories?post=24500"},{"taxonomy":"post_tag","embeddable":true,"href":"https:\/\/cio.umh.es\/en\/wp-json\/wp\/v2\/tags?post=24500"}],"curies":[{"name":"wp","href":"https:\/\/api.w.org\/{rel}","templated":true}]}}