{"id":17560,"date":"2021-05-11T07:52:46","date_gmt":"2021-05-11T07:52:46","guid":{"rendered":"http:\/\/cio.edu.umh.es\/?p=17560"},"modified":"2021-07-22T09:49:50","modified_gmt":"2021-07-22T07:49:50","slug":"datos-abiertos-en-ciencias-de-la-salud-necesidades-y-utilidad-social","status":"publish","type":"post","link":"https:\/\/cio.umh.es\/en\/2021\/05\/11\/datos-abiertos-en-ciencias-de-la-salud-necesidades-y-utilidad-social\/","title":{"rendered":"Datos abiertos en Ciencias de la Salud: necesidades y utilidad social"},"content":{"rendered":"<p>[:es]<b>T\u00edtulo:\u00a0<\/b>\u00a0Datos abiertos en Ciencias de la Salud: necesidades y utilidad social<\/p>\n<p><b>Ponente:\u00a0<\/b><\/p>\n<div>Representante UMH<\/div>\n<div>Representante\u00a0UA<\/div>\n<div>Representante ISABIAL<\/div>\n<div>Representante Conselleria<\/div>\n<div><\/div>\n<p><b>Organizador:<\/b>\u00a0Institute<\/p>\n<p><strong><span lang=\"EN-US\">Date:<\/span><\/strong><span lang=\"EN-US\">\u00a0Mi\u00e9rcoles 19 de mayo\u00a0<span lang=\"EN-US\"><span lang=\"EN-US\">de 2021 a las<\/span>\u00a011:00\u00a0<\/span><span lang=\"EN-US\">horas.<\/span><\/span><\/p>\n<p><strong>Lugar:<\/strong>\u00a0\u00a0Online.<\/p>\n<p style=\"text-align: center\">[button link=\u00bbhttps:\/\/forms.gle\/DrtPRFX4AueFkPoY7&#8243;\u00a0color=\u00bbred\u00bb]\u00a0Para asistir a la charla reg\u00edstrese aqu\u00ed [\/button]<\/p>\n<p style=\"text-align: center\">El registro se cerrar\u00e1 20 minutos antes del inicio del seminario<\/p>\n<p><b>Abstract:\u00a0<\/b>Con estas jornadas se pretende establecer un marco desde el que debatir sobre la disponibilidad y la necesidad de los datos abiertos en proyectos de Ciencias de la Salud. \u00bfQu\u00e9 opinan al respecto los responsables de la Administraci\u00f3n P\u00fablica, cient\u00edficos y profesionales del sector de la salud? \u00bfCu\u00e1les son las barreras actuales en materia de datos abiertos? \u00bfExisten mecanismos seguros para ello? \u00bfQu\u00e9 retos tiene previsto acometer la Administraci\u00f3n y qu\u00e9 ventajas puede acarrear una pol\u00edtica que favorezca el acceso a los datos? Escucharemos la opini\u00f3n de expertos en la materia y se facilitar\u00e1 la posibilidad de preguntarles al respecto.[:]<\/p>","protected":false},"excerpt":{"rendered":"<p>[:es]T\u00edtulo:\u00a0\u00a0Datos abiertos en Ciencias de la Salud: necesidades y utilidad social<br \/>\nPonente:\u00a0<br \/>\nRepresentante UMH<br \/>\nRepresentante\u00a0UA<br \/>\nRepresentante ISABIAL<br \/>\nRepresentante Conselleria<\/p>\n<p>Organizador:\u00a0CIO<br \/>\nFecha:\u00a0Mi\u00e9rcoles 19 de mayo\u00a0de 2021 a las\u00a011:00\u00a0horas.<br \/>\nLugar:\u00a0\u00a0Online.<br \/>\n[button link=\u00bbhttps:\/\/forms.gle\/DrtPRFX4AueFkPoY7&#8243;\u00a0color=\u00bbred\u00bb]\u00a0Para asistir a la charla reg\u00edstrese aqu\u00ed [\/button]<br \/>\nEl registro se cerrar\u00e1 20 minutos antes del inicio del seminario<br \/>\nAbstract:\u00a0Con estas jornadas se pretende establecer un marco desde el que debatir sobre la disponibilidad y la necesidad [&#8230;]<\/p>","protected":false},"author":1,"featured_media":0,"comment_status":"closed","ping_status":"open","sticky":false,"template":"","format":"standard","meta":{"_links_to":"","_links_to_target":""},"categories":[4,873],"tags":[],"_links":{"self":[{"href":"https:\/\/cio.umh.es\/en\/wp-json\/wp\/v2\/posts\/17560"}],"collection":[{"href":"https:\/\/cio.umh.es\/en\/wp-json\/wp\/v2\/posts"}],"about":[{"href":"https:\/\/cio.umh.es\/en\/wp-json\/wp\/v2\/types\/post"}],"author":[{"embeddable":true,"href":"https:\/\/cio.umh.es\/en\/wp-json\/wp\/v2\/users\/1"}],"replies":[{"embeddable":true,"href":"https:\/\/cio.umh.es\/en\/wp-json\/wp\/v2\/comments?post=17560"}],"version-history":[{"count":0,"href":"https:\/\/cio.umh.es\/en\/wp-json\/wp\/v2\/posts\/17560\/revisions"}],"wp:attachment":[{"href":"https:\/\/cio.umh.es\/en\/wp-json\/wp\/v2\/media?parent=17560"}],"wp:term":[{"taxonomy":"category","embeddable":true,"href":"https:\/\/cio.umh.es\/en\/wp-json\/wp\/v2\/categories?post=17560"},{"taxonomy":"post_tag","embeddable":true,"href":"https:\/\/cio.umh.es\/en\/wp-json\/wp\/v2\/tags?post=17560"}],"curies":[{"name":"wp","href":"https:\/\/api.w.org\/{rel}","templated":true}]}}