{"id":17346,"date":"2021-02-22T10:20:52","date_gmt":"2021-02-22T10:20:52","guid":{"rendered":"http:\/\/cio.edu.umh.es\/?p=17346"},"modified":"2021-07-22T09:49:52","modified_gmt":"2021-07-22T07:49:52","slug":"ii-jornada-cientifica-eoma","status":"publish","type":"post","link":"https:\/\/cio.umh.es\/en\/2021\/02\/22\/ii-jornada-cientifica-eoma\/","title":{"rendered":"II Jornada cient\u00edfica EOMA"},"content":{"rendered":"<p>[:es]<\/p>\n<p style=\"font-weight: 400\">El 25 de Febrero y el 4 de marzo del 2021 de 9 a 14 horas se realizar\u00e1 la II Jornada cient\u00edfica EOMA.<\/p>\n<p style=\"font-weight: 400\">Todos los alumnos de segundo a\u00f1o del Doctorado en Estad\u00edstica, Optimizaci\u00f3n y Matem\u00e1tica Aplicada tendr\u00e1n la oportunidad de exponer durante 30 minutos la investigaci\u00f3n en la que est\u00e1n trabajando junto\u00a0a sus\u00a0directores y codirectores en el programa de doctorado. La primera jornada tuvo un gran \u00e9xito de participaci\u00f3n y seguimiento.\u00a0Debido al momento en el cual estamos atravesando por la pandemia del COVID, la jornada ser\u00e1 seguida a trav\u00e9s de una sala de google meet.<\/p>\n<p style=\"font-weight: 400\">A continuaci\u00f3n le dejamos el enlace para obtener m\u00e1s informaci\u00f3n con respecto a horarios y ponentes.<\/p>\n<p style=\"font-weight: 400\"><a href=\"http:\/\/eoma.edu.umh.es\/2021\/01\/13\/ii-jornada-cientifica-eoma\/\" data-saferedirecturl=\"https:\/\/www.google.com\/url?q=http:\/\/eoma.edu.umh.es\/2021\/01\/13\/ii-jornada-cientifica-eoma\/&amp;source=gmail&amp;ust=1614074182525000&amp;usg=AFQjCNEAgaAu4QvQu6dpAhYX9N7wLsG0NQ\">http:\/\/eoma.edu.umh.es\/2021\/01\/13\/ii-jornada-cientifica-eoma\/<\/a><\/p>\n<p>[:]<\/p>","protected":false},"excerpt":{"rendered":"<p>[:es]<br \/>\nEl 25 de Febrero y el 4 de marzo del 2021 de 9 a 14 horas se realizar\u00e1 la II Jornada cient\u00edfica EOMA.<br \/>\nTodos los alumnos de segundo a\u00f1o del Doctorado en Estad\u00edstica, Optimizaci\u00f3n y Matem\u00e1tica Aplicada tendr\u00e1n la oportunidad de exponer durante 30 minutos la investigaci\u00f3n en la que est\u00e1n trabajando junto\u00a0a sus\u00a0directores y codirectores [&#8230;]<\/p>","protected":false},"author":1,"featured_media":0,"comment_status":"closed","ping_status":"open","sticky":false,"template":"","format":"standard","meta":{"_links_to":"","_links_to_target":""},"categories":[4,873],"tags":[],"_links":{"self":[{"href":"https:\/\/cio.umh.es\/en\/wp-json\/wp\/v2\/posts\/17346"}],"collection":[{"href":"https:\/\/cio.umh.es\/en\/wp-json\/wp\/v2\/posts"}],"about":[{"href":"https:\/\/cio.umh.es\/en\/wp-json\/wp\/v2\/types\/post"}],"author":[{"embeddable":true,"href":"https:\/\/cio.umh.es\/en\/wp-json\/wp\/v2\/users\/1"}],"replies":[{"embeddable":true,"href":"https:\/\/cio.umh.es\/en\/wp-json\/wp\/v2\/comments?post=17346"}],"version-history":[{"count":0,"href":"https:\/\/cio.umh.es\/en\/wp-json\/wp\/v2\/posts\/17346\/revisions"}],"wp:attachment":[{"href":"https:\/\/cio.umh.es\/en\/wp-json\/wp\/v2\/media?parent=17346"}],"wp:term":[{"taxonomy":"category","embeddable":true,"href":"https:\/\/cio.umh.es\/en\/wp-json\/wp\/v2\/categories?post=17346"},{"taxonomy":"post_tag","embeddable":true,"href":"https:\/\/cio.umh.es\/en\/wp-json\/wp\/v2\/tags?post=17346"}],"curies":[{"name":"wp","href":"https:\/\/api.w.org\/{rel}","templated":true}]}}