{"id":17285,"date":"2020-12-15T10:54:11","date_gmt":"2020-12-15T10:54:11","guid":{"rendered":"http:\/\/cio.edu.umh.es\/?p=17285"},"modified":"2021-07-22T09:49:55","modified_gmt":"2021-07-22T07:49:55","slug":"seminario-online-senen-barro-ameneiro","status":"publish","type":"post","link":"https:\/\/cio.umh.es\/en\/2020\/12\/15\/seminario-online-senen-barro-ameneiro\/","title":{"rendered":"Seminario Online Sen\u00e9n Barro Ameneiro"},"content":{"rendered":"<p>[:es]<strong>T\u00edtulo:<\/strong>\u00a0\u00a0<b>\u00a0<\/b>\u00a0Inteligencia Artificial en una sociedad de dispositivos<\/p>\n<p><strong>Ponente:\u00a0<\/strong>Sen\u00e9n Barro Ameneiro\u00a0<span class=\"gmail_default\">(Universidad de Santiago de Compostela)<\/span><\/p>\n<p><strong>Organizador:\u00a0<\/strong>Federico Botella<\/p>\n<p><strong>Date:\u00a0<\/strong>Lunes 21<span class=\"gmail_default\">\u00a0de diciembre<\/span>\u00a0de 2020 a las 12:00<\/p>\n<p>[button link=\u00bbhttps:\/\/youtu.be\/SU7vYwdmBRg\u00bb color=\u00bbgreen\u00bb] PINCHA AQU\u00cd PARA VER EL SEMINARIO[\/button]<\/p>\n<p><strong>ABSTRACT:<\/strong>\u00a0Vivimos en una sociedad de dispositivos. Por una parte, los dispositivos incorporan una creciente capacidad de percepci\u00f3n, computaci\u00f3n, interacci\u00f3n y acci\u00f3n y conforman sociedades de entidades cada vez m\u00e1s interconectadas. El caso de los tel\u00e9fonos m\u00f3viles es paradigm\u00e1tico. Por otra parte, nuestra sociedad, la humana, es cada vez m\u00e1s dependiente de ellos. La Inteligencia Artificial es a la vez una necesidad y una oportunidad para esta sociedad de dispositivos. Se hace necesaria para gestionar una ingente cantidad de datos e informaci\u00f3n y al tiempo se abre un sinf\u00edn de posibilidades derivadas del aprendizaje autom\u00e1tico colectivo por parte de las m\u00e1quinas. Pondremos ejemplos derivados del geoposicionamiento de m\u00f3viles en interiores, la lucha contra la pandemia o la monitorizaci\u00f3n de nuestra salud.[:]<\/p>","protected":false},"excerpt":{"rendered":"<p>[:es]T\u00edtulo:\u00a0\u00a0\u00a0\u00a0Inteligencia Artificial en una sociedad de dispositivos<br \/>\nPonente:\u00a0Sen\u00e9n Barro Ameneiro\u00a0(Universidad de Santiago de Compostela)<br \/>\nOrganizador:\u00a0Federico Botella<br \/>\nFecha:\u00a0Lunes 21\u00a0de diciembre\u00a0de 2020 a las 12:00<br \/>\n[button link=\u00bbhttps:\/\/youtu.be\/SU7vYwdmBRg\u00bb color=\u00bbgreen\u00bb] PINCHA AQU\u00cd PARA VER EL SEMINARIO[\/button]<br \/>\nABSTRACT:\u00a0Vivimos en una sociedad de dispositivos. Por una parte, los dispositivos incorporan una creciente capacidad de percepci\u00f3n, computaci\u00f3n, interacci\u00f3n y acci\u00f3n y conforman sociedades de entidades cada vez [&#8230;]<\/p>","protected":false},"author":1,"featured_media":0,"comment_status":"closed","ping_status":"open","sticky":false,"template":"","format":"standard","meta":{"_links_to":"","_links_to_target":""},"categories":[4,873],"tags":[],"_links":{"self":[{"href":"https:\/\/cio.umh.es\/en\/wp-json\/wp\/v2\/posts\/17285"}],"collection":[{"href":"https:\/\/cio.umh.es\/en\/wp-json\/wp\/v2\/posts"}],"about":[{"href":"https:\/\/cio.umh.es\/en\/wp-json\/wp\/v2\/types\/post"}],"author":[{"embeddable":true,"href":"https:\/\/cio.umh.es\/en\/wp-json\/wp\/v2\/users\/1"}],"replies":[{"embeddable":true,"href":"https:\/\/cio.umh.es\/en\/wp-json\/wp\/v2\/comments?post=17285"}],"version-history":[{"count":0,"href":"https:\/\/cio.umh.es\/en\/wp-json\/wp\/v2\/posts\/17285\/revisions"}],"wp:attachment":[{"href":"https:\/\/cio.umh.es\/en\/wp-json\/wp\/v2\/media?parent=17285"}],"wp:term":[{"taxonomy":"category","embeddable":true,"href":"https:\/\/cio.umh.es\/en\/wp-json\/wp\/v2\/categories?post=17285"},{"taxonomy":"post_tag","embeddable":true,"href":"https:\/\/cio.umh.es\/en\/wp-json\/wp\/v2\/tags?post=17285"}],"curies":[{"name":"wp","href":"https:\/\/api.w.org\/{rel}","templated":true}]}}