{"id":17216,"date":"2020-11-12T10:18:46","date_gmt":"2020-11-12T10:18:46","guid":{"rendered":"http:\/\/cio.edu.umh.es\/?p=17216"},"modified":"2021-07-22T09:49:58","modified_gmt":"2021-07-22T07:49:58","slug":"seminario-online-carlos-hernandez-barrueco","status":"publish","type":"post","link":"https:\/\/cio.umh.es\/en\/2020\/11\/12\/seminario-online-carlos-hernandez-barrueco\/","title":{"rendered":"Seminario Online Carlos Hern\u00e1ndez Barrueco"},"content":{"rendered":"<p>[:es]<strong>T\u00edtulo:<\/strong>\u00a0\u00a0Impacto econ\u00f3mico de la Transformaci\u00f3n\u00a0Digital\u00a0en las empresas<\/p>\n<p><strong>Ponente: <\/strong>Carlos Hern\u00e1ndez Barrueco<\/p>\n<p><strong>Organizador:\u00a0<\/strong>Ana Meca<\/p>\n<p><strong>Date:\u00a0<\/strong>Lunes 23<span class=\"gmail_default\">\u00a0de noviembre<\/span>\u00a0de 2020 a las 12:00<\/p>\n<p>[button link=\u00bbhttps:\/\/youtu.be\/xuAwMBK43Zg\u00bb color=\u00bbgreen\u00bb] PINCHA AQU\u00cd PARA VER EL SEMINARIO[\/button]<\/p>\n<p><strong>ABSTRACT:<\/strong>\u00a0<i>\u00bfEn qu\u00e9 consiste la\u00a0Transformaci\u00f3n Digital\u00a0en la pr\u00e1ctica? \u00bfQu\u00e9\u00a0beneficios econ\u00f3micos y estrat\u00e9gicos\u00a0puede tener para una empresa? \u00bfEs\u00a0vital\u00a0poder comenzar a aplicar este tipo de innovaciones en las empresas, o\u00a0se puede vivir unos a\u00f1os m\u00e1s sin ellas?\u00a0<\/i>Estas y otras muchas preguntas circulan por los pasillos y salas de reuniones de numerosas compa\u00f1\u00edas que, entendiendo que alg\u00fan tipo de cambio se est\u00e1 produciendo en la industria, no llegan a comprender realmente si esto es una oportunidad o una amenaza y c\u00f3mo materializar este cambio.<\/p>\n<p>El\u00a0a\u00f1o 2011\u00a0marc\u00f3 el punto de partida para la\u00a0cuarta revoluci\u00f3n industrial, ya que fue en este a\u00f1o en el que el Gobierno alem\u00e1n present\u00f3 el concepto de \u00abIndustria 4.0\u00bb, as\u00ed como las diferentes nuevas tecnolog\u00edas que llevaba aparejada. Estas nuevas tecnolog\u00edas est\u00e1n desarroll\u00e1ndose a un ritmo exponencial, con gran impacto y ventajas realmente disruptivas para muchas empresas. Pero\u00a0no todas las nuevas tecnolog\u00edas\u00a0ligadas al proceso de transformaci\u00f3n digital tienen\u00a0el mismo peso, el mismo tiempo de implementaci\u00f3n, o la misma aceptaci\u00f3n. Hay diferencias importantes a considerar y que conviene conocer. Igualmente tambi\u00e9n es necesario entender\u00a0c\u00f3mo las empresas comienzan el proceso de transformaci\u00f3n digital, ligada en ocasiones a planes de inversi\u00f3n, contrataci\u00f3n de personal u otros factores.<\/p>\n<p>En esta charla vamos analizar la\u00a0Transformaci\u00f3n Digital en la pr\u00e1ctica, tal como la viven las empresas de \u00e9xito en este campo. Describiremos\u00a0qu\u00e9 tecnolog\u00edas lleva aparejadas, qu\u00e9 impacto econ\u00f3mico y estrat\u00e9gico\u00a0pueden tener en las empresas y\u00a0c\u00f3mo dar nuestros primeros pasos\u00a0en este importante campo, clave para muchas empresas.<\/p>\n<div id=\":jt\" class=\"ii gt\"><\/div>\n<div id=\":15l\" class=\"hq gt\"><\/div>\n<p>[:]<\/p>","protected":false},"excerpt":{"rendered":"<p>[:es]T\u00edtulo:\u00a0\u00a0Impacto econ\u00f3mico de la Transformaci\u00f3n\u00a0Digital\u00a0en las empresas<br \/>\nPonente: Carlos Hern\u00e1ndez Barrueco<br \/>\nOrganizador:\u00a0Ana Meca<br \/>\nFecha:\u00a0Lunes 23\u00a0de noviembre\u00a0de 2020 a las 12:00<br \/>\n[button link=\u00bbhttps:\/\/youtu.be\/xuAwMBK43Zg\u00bb color=\u00bbgreen\u00bb] PINCHA AQU\u00cd PARA VER EL SEMINARIO[\/button]<br \/>\nABSTRACT:\u00a0\u00bfEn qu\u00e9 consiste la\u00a0Transformaci\u00f3n Digital\u00a0en la pr\u00e1ctica? \u00bfQu\u00e9\u00a0beneficios econ\u00f3micos y estrat\u00e9gicos\u00a0puede tener para una empresa? \u00bfEs\u00a0vital\u00a0poder comenzar a aplicar este tipo de innovaciones en las empresas, o\u00a0se puede vivir unos a\u00f1os [&#8230;]<\/p>","protected":false},"author":1,"featured_media":0,"comment_status":"closed","ping_status":"open","sticky":false,"template":"","format":"standard","meta":{"_links_to":"","_links_to_target":""},"categories":[4,873],"tags":[],"_links":{"self":[{"href":"https:\/\/cio.umh.es\/en\/wp-json\/wp\/v2\/posts\/17216"}],"collection":[{"href":"https:\/\/cio.umh.es\/en\/wp-json\/wp\/v2\/posts"}],"about":[{"href":"https:\/\/cio.umh.es\/en\/wp-json\/wp\/v2\/types\/post"}],"author":[{"embeddable":true,"href":"https:\/\/cio.umh.es\/en\/wp-json\/wp\/v2\/users\/1"}],"replies":[{"embeddable":true,"href":"https:\/\/cio.umh.es\/en\/wp-json\/wp\/v2\/comments?post=17216"}],"version-history":[{"count":0,"href":"https:\/\/cio.umh.es\/en\/wp-json\/wp\/v2\/posts\/17216\/revisions"}],"wp:attachment":[{"href":"https:\/\/cio.umh.es\/en\/wp-json\/wp\/v2\/media?parent=17216"}],"wp:term":[{"taxonomy":"category","embeddable":true,"href":"https:\/\/cio.umh.es\/en\/wp-json\/wp\/v2\/categories?post=17216"},{"taxonomy":"post_tag","embeddable":true,"href":"https:\/\/cio.umh.es\/en\/wp-json\/wp\/v2\/tags?post=17216"}],"curies":[{"name":"wp","href":"https:\/\/api.w.org\/{rel}","templated":true}]}}