{"id":16015,"date":"2019-03-30T11:25:00","date_gmt":"2019-03-30T11:25:00","guid":{"rendered":"http:\/\/cio.edu.umh.es\/?p=16015"},"modified":"2019-03-30T11:25:00","modified_gmt":"2019-03-30T11:25:00","slug":"monino-garcia-m-adoamnei-e-gadea-nicolas-a-arense-gonzalo-j-j-lopez-espin-j-j-torres-cantero-a-m-2019-family-environmental-factors-associated-with-underage-drinking-journal-of","status":"publish","type":"post","link":"https:\/\/cio.umh.es\/en\/2019\/03\/30\/monino-garcia-m-adoamnei-e-gadea-nicolas-a-arense-gonzalo-j-j-lopez-espin-j-j-torres-cantero-a-m-2019-family-environmental-factors-associated-with-underage-drinking-journal-of\/","title":{"rendered":"Mo\u00f1ino-Garc\u00eda, M., Adoamnei, E., Gadea-Nicol\u00e1s, A., Arense-Gonzalo, J.J., L\u00f3pez-Esp\u00edn, J.J., Torres-Cantero, A.M. (2019) &quot;Family environmental factors associated with underage drinking&quot;, Journal of Substance Use, 24 (1) : 110-116"},"content":{"rendered":"","protected":false},"excerpt":{"rendered":"","protected":false},"author":5675,"featured_media":0,"comment_status":"open","ping_status":"open","sticky":false,"template":"","format":"standard","meta":{"_links_to":"","_links_to_target":""},"categories":[75,7834],"tags":[377562],"_links":{"self":[{"href":"https:\/\/cio.umh.es\/en\/wp-json\/wp\/v2\/posts\/16015"}],"collection":[{"href":"https:\/\/cio.umh.es\/en\/wp-json\/wp\/v2\/posts"}],"about":[{"href":"https:\/\/cio.umh.es\/en\/wp-json\/wp\/v2\/types\/post"}],"author":[{"embeddable":true,"href":"https:\/\/cio.umh.es\/en\/wp-json\/wp\/v2\/users\/5675"}],"replies":[{"embeddable":true,"href":"https:\/\/cio.umh.es\/en\/wp-json\/wp\/v2\/comments?post=16015"}],"version-history":[{"count":0,"href":"https:\/\/cio.umh.es\/en\/wp-json\/wp\/v2\/posts\/16015\/revisions"}],"wp:attachment":[{"href":"https:\/\/cio.umh.es\/en\/wp-json\/wp\/v2\/media?parent=16015"}],"wp:term":[{"taxonomy":"category","embeddable":true,"href":"https:\/\/cio.umh.es\/en\/wp-json\/wp\/v2\/categories?post=16015"},{"taxonomy":"post_tag","embeddable":true,"href":"https:\/\/cio.umh.es\/en\/wp-json\/wp\/v2\/tags?post=16015"}],"curies":[{"name":"wp","href":"https:\/\/api.w.org\/{rel}","templated":true}]}}