{"id":15120,"date":"2019-11-19T10:23:18","date_gmt":"2019-11-19T10:23:18","guid":{"rendered":"http:\/\/cio.edu.umh.es\/?p=15120"},"modified":"2021-07-22T09:50:18","modified_gmt":"2021-07-22T07:50:18","slug":"seminario-jose-manuel-cordero-los-valores-plausibles-y-su-tratamiento-en-los-analisis-de-eficiencia-con-datos-educativos-internacionales","status":"publish","type":"post","link":"https:\/\/cio.umh.es\/en\/2019\/11\/19\/seminario-jose-manuel-cordero-los-valores-plausibles-y-su-tratamiento-en-los-analisis-de-eficiencia-con-datos-educativos-internacionales\/","title":{"rendered":"Seminario Jos\u00e9 Manuel Cordero:  Los valores plausibles y su tratamiento en los an\u00e1lisis de eficiencia con datos educativos internacionales."},"content":{"rendered":"<p>&nbsp;<\/p>\n<p style=\"text-align: center;\"><a href=\"https:\/\/cio.umh.es\/en\/files\/2019\/11\/IMG_2962.jpg\/\"><img loading=\"lazy\" class=\"aligncenter size-large wp-image-15121\" src=\"https:\/\/cio.umh.es\/files\/2019\/11\/IMG_2962-1024x683.jpg\" alt=\"IMG_2962\" width=\"1024\" height=\"683\" \/><\/a><em>Jos\u00e9 Manuel Cordero<\/em><em><span style=\"color: #000000;\">\u00a0en el CIO el pasado 15 de noviembre. | Foto: Inma L\u00f3pez<\/span><\/em><\/p>\n<p>El Instituto Universitario de Investigaci\u00f3n \u00abCentro de Investigaci\u00f3n Operativa (CIO) de la Universidad Miguel Hern\u00e1ndez de Elche, acogi\u00f3 el pasado 15 de noviembre esta conferencia del investigador Jos\u00e9 Manuel Cordero, profesor de la Universidad de Extremadura.<br \/>\nT\u00edtulo de la ponencia:<strong> Los valores plausibles y su tratamiento en los an\u00e1lisis de eficiencia con datos educativos internacionales.<\/strong><\/p>\n<p><strong>\u00bfCu\u00e1l es el principal objetivo de esta ponencia?<br \/>\n<\/strong><br \/>\nEl objetivo fundamental de la ponencia es dar informaci\u00f3n a los usuarios de bases de datos educativas internacionales sobre el c\u00f3mo deben tratar los valores plausibles, que son unos valores que aparecen en esas bases datos cuando hacemos an\u00e1lisis de eficiencia. Es decir, hay diferentes maneras de tratarlo, tomando un valor o la media, y queremos saber si utilizando un criterio u otro vamos a alcanzar resultados similares o no.<br \/>\n<strong>\u00bfPodr\u00eda resumirnos los resultados de esta investigaci\u00f3n?<\/strong><br \/>\nEn la investigaci\u00f3n hemos comparado los resultados que obtenemos aplicando una de las t\u00e9cnicas, que es una de las m\u00e1s habituales en el mundo de la eficiencia como es <strong>DEA<\/strong>, tomando los valores medios de los valores plausibles o los valores plausibles por separado, y lo hemos comparado con una estimaci\u00f3n alternativa utilizando modelos <strong>DEA fuzzy<\/strong> donde podemos tener en cuenta que, esos valores plausibles en realidad representan un rango de habilidades y, por tanto, no pueden ser representadas a trav\u00e9s de un solo valor sino a trav\u00e9s de un intervalo. Y lo que nos dicen los resultados es que se parecen bastante los resultados tomando valores medios o valores individuales de cada valor plausibles con el rango de resultados. Por tanto, en principio, optar por la opci\u00f3n sencilla de utilizar valores medios o de un solo valor, en principio est\u00e1 bien, pero hay que tener cuidado porque podr\u00eda ser que la estimaci\u00f3n obtenida del \u00edndice de eficiencia est\u00e9 un poco sobreestimada. Es decir, que en alg\u00fan caso estemos identificando unidades eficientes cuando en realidad no lo son porque, considerando las distribuciones, algunas estimaciones nos quedan con valores superiores a los \u00edndices de eficiencia con valores medios. Entonces, en principio puedo utilizar esos \u00edndices, pero con cuidado a la hora de identificar las unidades eficientes.<\/p>\n<h3 style=\"text-align: center;\"><\/h3>\n<h3 style=\"text-align: center;\"><strong>\u00a1No te pierdas el seminario que\u00a0Jos\u00e9 Manuel Cordero imparti\u00f3 en el CIO!<\/strong><\/h3>\n<p><iframe loading=\"lazy\" title=\"Jos\u00e9 M. Cordero: Datos plausibles y an\u00e1lisis de eficiencia con datos educativos internacionales.\" width=\"750\" height=\"422\" src=\"https:\/\/www.youtube.com\/embed\/mtQSIbsj-ZQ?feature=oembed\" frameborder=\"0\" allow=\"accelerometer; autoplay; clipboard-write; encrypted-media; gyroscope; picture-in-picture\" allowfullscreen><\/iframe><\/p>\n<p>[:]<\/p>","protected":false},"excerpt":{"rendered":"<p>&nbsp;<br \/>\nJos\u00e9 Manuel Cordero\u00a0en el CIO el pasado 15 de noviembre. | Foto: Inma L\u00f3pez<br \/>\nEl Instituto Universitario de Investigaci\u00f3n \u00abCentro de Investigaci\u00f3n Operativa (CIO) de la Universidad Miguel Hern\u00e1ndez de Elche, acogi\u00f3 el pasado 15 de noviembre esta conferencia del investigador Jos\u00e9 Manuel Cordero, profesor de la Universidad de Extremadura.<br \/>\nT\u00edtulo de la ponencia: Los valores plausibles [&#8230;]<\/p>","protected":false},"author":6202,"featured_media":24327,"comment_status":"closed","ping_status":"open","sticky":false,"template":"","format":"standard","meta":{"_links_to":"","_links_to_target":""},"categories":[370232],"tags":[],"_links":{"self":[{"href":"https:\/\/cio.umh.es\/en\/wp-json\/wp\/v2\/posts\/15120"}],"collection":[{"href":"https:\/\/cio.umh.es\/en\/wp-json\/wp\/v2\/posts"}],"about":[{"href":"https:\/\/cio.umh.es\/en\/wp-json\/wp\/v2\/types\/post"}],"author":[{"embeddable":true,"href":"https:\/\/cio.umh.es\/en\/wp-json\/wp\/v2\/users\/6202"}],"replies":[{"embeddable":true,"href":"https:\/\/cio.umh.es\/en\/wp-json\/wp\/v2\/comments?post=15120"}],"version-history":[{"count":0,"href":"https:\/\/cio.umh.es\/en\/wp-json\/wp\/v2\/posts\/15120\/revisions"}],"wp:featuredmedia":[{"embeddable":true,"href":"https:\/\/cio.umh.es\/en\/wp-json\/wp\/v2\/media\/24327"}],"wp:attachment":[{"href":"https:\/\/cio.umh.es\/en\/wp-json\/wp\/v2\/media?parent=15120"}],"wp:term":[{"taxonomy":"category","embeddable":true,"href":"https:\/\/cio.umh.es\/en\/wp-json\/wp\/v2\/categories?post=15120"},{"taxonomy":"post_tag","embeddable":true,"href":"https:\/\/cio.umh.es\/en\/wp-json\/wp\/v2\/tags?post=15120"}],"curies":[{"name":"wp","href":"https:\/\/api.w.org\/{rel}","templated":true}]}}