{"id":13894,"date":"2019-05-14T09:58:57","date_gmt":"2019-05-14T09:58:57","guid":{"rendered":"http:\/\/cio.edu.umh.es\/?p=13894"},"modified":"2019-05-14T09:58:57","modified_gmt":"2019-05-14T09:58:57","slug":"santi-garcia-cremades-i-en-la-epoca-de-las-fake-news-y-del-big-data-es-importante-que-haya-algo-que-te-permita-discernir-lo-que-es-verdadero-y-lo-que-es-falso-y-a-mi-me-sirven-las-matemat","status":"publish","type":"post","link":"https:\/\/cio.umh.es\/en\/2019\/05\/14\/santi-garcia-cremades-i-en-la-epoca-de-las-fake-news-y-del-big-data-es-importante-que-haya-algo-que-te-permita-discernir-lo-que-es-verdadero-y-lo-que-es-falso-y-a-mi-me-sirven-las-matemat\/","title":{"rendered":"Santi Garc\u00eda Cremades (I): \u201cEn la \u00e9poca de las fake news y del Big Data es importante que haya algo que te permita discernir lo que es verdadero y lo que es falso, y a m\u00ed me sirven las matem\u00e1ticas para eso\u201d"},"content":{"rendered":"<p>[:es]<em><span style=\"color: #000000\"><a href=\"https:\/\/cio.umh.es\/en\/files\/2019\/05\/Santi-1.jpg\/\"><img loading=\"lazy\" class=\"aligncenter  wp-image-13895\" src=\"https:\/\/cio.umh.es\/files\/2019\/05\/Santi-1.jpg\" alt=\"Santi 1\" width=\"795\" height=\"530\" \/><\/a>Santi Garc\u00eda Cremades con su libro &#8216;Un n\u00famero perfecto&#8217;. | Foto: Carla Serrano<\/span><\/em><br \/>\n<span style=\"color: #000000\">La vida de Santi Garc\u00eda (Murcia, 1985) se sostiene, en buena parte, gracias a dos pilares fundamentales: las matem\u00e1ticas y el humor. Su creatividad y su ingenio le hacen ir a contracorriente y demostrar que siempre se puede ver la ciencia (o la vida) desde otra perspectiva. Por eso se ha atrevido a cambiar las \u201cleyes establecidas\u201d de la divulgaci\u00f3n cient\u00edfica: es monologuista en <strong><a href=\"http:\/\/www.bigvanciencia.com\/\"><em>Big Van: Cient\u00edficos sobre ruedas<\/em><\/a><\/strong>, dirige el proyecto de humor gr\u00e1fico <strong><a href=\"https:\/\/www.pinterest.es\/santigarciacc\/protoon-humor-gr%C3%A1fico-y-ciencia\/\"><em>Protoon<\/em><\/a><\/strong> con el dibujante Dani Gove y tambi\u00e9n tiene un canal de <strong><a href=\"https:\/\/www.youtube.com\/user\/AitorMentaMusica\/\">YouTube<\/a><\/strong>. Adem\u00e1s, es profesor en la Universidad Miguel Hern\u00e1ndez de Elche y miembro del Instituto Universitario de Investigaci\u00f3n CIO. Por si fuera poco, tambi\u00e9n se atreve con la escritura, y es autor de <strong><a href=\"https:\/\/www.amazon.es\/n%C3%BAmero-perfecto-Libros-Singulares\/dp\/8441538956\"><em>Un n\u00famero perfecto<\/em><\/a><\/strong>, un libro donde hace un recorrido por la historia de las Matem\u00e1ticas de una forma cercana y divertida.<\/span><br \/>\n<b>Pregunta.\u00a0<\/b><span style=\"color: #000000\">\u00bfCu\u00e1ndo empez\u00f3 su idilio por las matem\u00e1ticas?<\/span><br \/>\n<b>Respuesta.\u00a0<\/b><span style=\"color: #000000\">Muchas veces le pregunto a la gente si uno hace algo porque se le da bien o se le da bien porque le gusta. Es decir, \u00bfen qu\u00e9 momento te gusta o se te da bien? \u00bfC\u00f3mo implica una cosa a la otra? A m\u00ed las matem\u00e1ticas me gustaban desde peque\u00f1o y no s\u00e9 si es porque se me daban bien o si se me daban bien porque me gustaban mucho. Creo que una cosa alimenta la otra y entr\u00e9 en un c\u00edrculo matem\u00e1tico muy bueno. Desde la infancia se me daban bien, pero no hubo una captaci\u00f3n de talento, es decir, a m\u00ed me gustaba mucho la matem\u00e1tica creativa en la que t\u00fa puedes imaginar cosas e incluso cuestionarte los procesos. Y despu\u00e9s es verdad que algunos profesores te frenan un poco esa creatividad porque no entienden que los m\u00e9todos son abiertos; no son cerrados como ellos proponen.<\/span><br \/>\n<b>P.\u00a0<\/b><span style=\"color: #000000\">\u00bfQu\u00e9 le llev\u00f3 a estudiar la carrera de Matem\u00e1ticas?<\/span><br \/>\n<strong>R.\u00a0<\/strong><span style=\"color: #000000\">Ten\u00eda dudas entre Telecomunicaciones o Matem\u00e1ticas. Eran las dos carreras que quer\u00eda hacer, y creo que me decid\u00ed por Matem\u00e1ticas porque me supon\u00eda un reto. Le pregunt\u00e9 a varios matem\u00e1ticos que ya estaban licenciados y me lo desaconsejaron totalmente. Me metieron un poco de miedo en ese sentido y creo que eso es lo que me motiv\u00f3. Me preguntaba por qu\u00e9 a m\u00ed me estaban poniendo puertas al campo. Creo que hay gente que necesita ver un espejo de posibilidades y que le pongan facilidades a su carrera. En mi caso, me motivaba m\u00e1s que hubiera unos retos.<\/span><\/p>\n<blockquote><p><em>\u201cNo hay ning\u00fan campo en el que las matem\u00e1ticas no digan nada, incluso en el amor tiene algo que decir\u201d<\/em><\/p><\/blockquote>\n<p><strong>P. <\/strong><span style=\"color: #000000\">\u00bfC\u00f3mo influyen las matem\u00e1ticas en su forma de ver la vida?<\/span><br \/>\n<b>R.\u00a0<\/b><span style=\"color: #000000\">No afectan en nada. Mi d\u00eda a d\u00eda es como el de cualquier persona. Creo que hoy en d\u00eda es importante normalizar a los cient\u00edficos porque en nuestras aficiones no est\u00e1 la de ver teoremas en el cielo ni nada de eso. S\u00ed que es verdad que en tu trabajo adquieres unas habilidades o aptitudes que te hacen ver el prisma desde un punto de vista m\u00e1s cr\u00edtico y razonado, y creo que es muy importante que hoy en d\u00eda haya m\u00e1s gente que tenga un esp\u00edritu cr\u00edtico ante todo. Las matem\u00e1ticas te vuelven libre y te hacen un ciudadano cr\u00edtico. En la \u00e9poca de las <em>fake news<\/em> y del Big Data, en la que tenemos mucha informaci\u00f3n, es importante que haya algo que te permita discernir lo que es verdadero y lo que es falso. Y a m\u00ed me sirven las matem\u00e1ticas para eso.<\/span><br \/>\n<strong>P.\u00a0<\/strong><span style=\"color: #000000\">\u00bfConsidera que las matem\u00e1ticas son algo indispensable en nuestra vida diaria?<\/span><br \/>\n<strong>R.\u00a0<\/strong><span style=\"color: #000000\">Creo que quiz\u00e1s no tanto el teorema de Pit\u00e1goras o el de Euler, pero s\u00ed las matem\u00e1ticas cotidianas. Cuando vas a comprar necesitas saber un m\u00ednimo de matem\u00e1ticas porque si no te pueden enga\u00f1ar. Hay que saber de porcentajes para aplicar el descuento de una oferta y ver si realmente te descuentan lo que dicen. Incluso los de marketing aplican modelos para saber a qu\u00e9 altura poner unos productos para que los compres m\u00e1s que otros. Hay que verlo todo con un prisma cr\u00edtico, con un prisma cient\u00edfico. Al final la base de la ciencia son las matem\u00e1ticas.<\/span><\/p>\n<blockquote><p><em>\u201cCreo que la m\u00fasica y las matem\u00e1ticas son lenguajes universales, y que si nos visitara cualquier ser de otro planeta hablar\u00eda con estos lenguajes\u201d<\/em><\/p><\/blockquote>\n<p><strong>P.\u00a0<\/strong><span style=\"color: #000000\">En su libro <em>Un n\u00famero perfecto<\/em> afirma que las matem\u00e1ticas est\u00e1n en todas partes. \u00bfCree que todas las decisiones que tomamos a lo largo de nuestra vida pueden basarse en las Matem\u00e1ticas?<\/span><br \/>\n<strong>R.\u00a0<\/strong><span style=\"color: #000000\">No, en las decisiones no y eso es curioso. Yo creo que las matem\u00e1ticas est\u00e1n en todas partes: en la declaraci\u00f3n de la renta, en la factura de la luz\u2026 Lo que pasa es que en las decisiones de nuestra vida ya nos metemos en la parte emocional, y es verdad que se pueden hacer modelos matem\u00e1ticos con la toma de decisiones, pero creo que las emociones van mucho m\u00e1s all\u00e1. Estamos ahora mismo en parvulitos en cuanto a inteligencia emocional; lo saben muy bien los ordenadores, el Machine Learning. Eso de distinguir simplemente una buena persona de una mala persona solo por su apariencia, como los personajes de las pel\u00edculas que tienen las cejas afiladas\u2026 Creo que, a nivel emocional, hay que dejar fluir nuestra parte irracional, dejarla que crezca y que florezca porque es lo que nos diferencia de los ordenadores.<\/span><br \/>\n<strong>P.\u00a0<\/strong><span style=\"color: #000000\">\u00bfHay alg\u00fan campo del conocimiento para el que las matem\u00e1ticas no tengan nada que decir?<\/span><br \/>\n<strong>R. <\/strong><span style=\"color: #000000\">No hay ning\u00fan campo en el que las matem\u00e1ticas no digan nada, incluso en el amor tiene algo que decir. Si me preguntan: \u201c\u00bfTiene matem\u00e1ticas el amor?\u201d Yo dir\u00eda que tiene, pero tambi\u00e9n est\u00e1 bien disfrutar de la irracionalidad, de esa parte ca\u00f3tica o con la antrop\u00eda alta. Eso se puede aplicar incluso con la f\u00edsica y la termodin\u00e1mica. Hay una pel\u00edcula espa\u00f1ola que habla de c\u00f3mo explicar el amor con las leyes de la termodin\u00e1mica, pero al final lo que te dice la pel\u00edcula es que lo interesante del amor es que sea ca\u00f3tico y que nos sorprenda. Y eso quiere decir que, a priori, t\u00fa no conoc\u00edas las matem\u00e1ticas. Es como un truco de magia, te gusta porque no conoces el truco.<\/span><\/p>\n<blockquote><p><em>\u201cUn ordenador podr\u00e1 hacer c\u00e1lculos, pero no va a saber hacer teoremas o componer una m\u00fasica que suene bien, esto nos distancia a los humanos de las m\u00e1quinas\u201d<\/em><\/p><\/blockquote>\n<p><strong>P.\u00a0<\/strong><span style=\"color: #000000\">Pit\u00e1goras asegur\u00f3 en su d\u00eda que hay una relaci\u00f3n entre la m\u00fasica y las matem\u00e1ticas. \u00bfEn qu\u00e9 se parecen o qu\u00e9 relaci\u00f3n tienen?<\/span><br \/>\n<strong>R. <\/strong><span style=\"color: #000000\">Creo que la m\u00fasica y las matem\u00e1ticas son lenguajes universales, que si nos visitara cualquier ser de otro planeta hablar\u00eda con estos lenguajes. Creo que se debe a que las dos conectan muy bien todas las partes del cerebro. Algo muy curioso es que las personas que tienen demencia o alg\u00fan deterioro cognitivo, la parte musical y matem\u00e1tica son las \u00faltimas que olvidan porque est\u00e1n conectadas y creo que nos hacen humanos. Un ordenador podr\u00e1 hacer c\u00e1lculos, pero no va a saber hacer teoremas o componer una m\u00fasica que suene bien. Esto nos distancia a los humanos de las m\u00e1quinas.<\/span><br \/>\n<strong>P.\u00a0<\/strong><span style=\"color: #000000\">Adem\u00e1s de matem\u00e1tico, es profesor, humorista, escritor, <em>youtuber<\/em>, y colaborador en televisi\u00f3n y radio. \u00bfCu\u00e1l de todas estas facetas disfruta m\u00e1s?<\/span><br \/>\n<strong>R. <\/strong><span style=\"color: #000000\">Es una decisi\u00f3n dif\u00edcil. Yo hago lo que me dejan hacer. Desde peque\u00f1o so\u00f1aba con participar en programas de entretenimiento. Hace un tiempo tuve la oportunidad de participar en <em>Buenafuente<\/em>, algo que para m\u00ed fue un sue\u00f1o hecho realidad porque es la referencia de la cultura y la comedia espa\u00f1ola. Yo me quedar\u00eda con trabajar en equipo, me da igual en qu\u00e9, pero en equipo. Creo que es muy importante conectarte con gente, cada uno especialista en lo suyo. Me gusta investigar, pero en grupo. Me gusta la docencia porque se hace con gente. Y la tele y la radio tambi\u00e9n me gustan mucho porque son como un equipo de personas especialistas. Al <em>youtuber<\/em>, en ese sentido, le falta esa compa\u00f1\u00eda; es un poco solitario.<\/span><br \/>\n<em>Continuar\u00e1&#8230;<\/em><br \/>\n&nbsp;<br \/>\n<iframe loading=\"lazy\"  id=\"_ytid_65704\"  width=\"750\" height=\"422\"  data-origwidth=\"750\" data-origheight=\"422\" src=\"https:\/\/www.youtube.com\/embed\/TPxiBr3LIRw[:]?enablejsapi=1&#038;autoplay=0&#038;cc_load_policy=0&#038;cc_lang_pref=&#038;iv_load_policy=1&#038;loop=0&#038;modestbranding=0&#038;rel=1&#038;fs=1&#038;playsinline=0&#038;autohide=2&#038;theme=dark&#038;color=red&#038;controls=1&#038;\" class=\"__youtube_prefs__  epyt-is-override  no-lazyload\" title=\"YouTube player\"  allow=\"accelerometer; autoplay; clipboard-write; encrypted-media; gyroscope; picture-in-picture\" allowfullscreen data-no-lazy=\"1\" data-skipgform_ajax_framebjll=\"\"><\/iframe><\/p>","protected":false},"excerpt":{"rendered":"<p>[:es]Santi Garc\u00eda Cremades con su libro &#8216;Un n\u00famero perfecto&#8217;. | Foto: Carla Serrano<br \/>\nLa vida de Santi Garc\u00eda (Murcia, 1985) se sostiene, en buena parte, gracias a dos pilares fundamentales: las matem\u00e1ticas y el humor. Su creatividad y su ingenio le hacen ir a contracorriente y demostrar que siempre se puede ver la ciencia (o la [&#8230;]<\/p>","protected":false},"author":3477,"featured_media":0,"comment_status":"open","ping_status":"open","sticky":false,"template":"","format":"standard","meta":{"_links_to":"","_links_to_target":""},"categories":[370232],"tags":[],"_links":{"self":[{"href":"https:\/\/cio.umh.es\/en\/wp-json\/wp\/v2\/posts\/13894"}],"collection":[{"href":"https:\/\/cio.umh.es\/en\/wp-json\/wp\/v2\/posts"}],"about":[{"href":"https:\/\/cio.umh.es\/en\/wp-json\/wp\/v2\/types\/post"}],"author":[{"embeddable":true,"href":"https:\/\/cio.umh.es\/en\/wp-json\/wp\/v2\/users\/3477"}],"replies":[{"embeddable":true,"href":"https:\/\/cio.umh.es\/en\/wp-json\/wp\/v2\/comments?post=13894"}],"version-history":[{"count":0,"href":"https:\/\/cio.umh.es\/en\/wp-json\/wp\/v2\/posts\/13894\/revisions"}],"wp:attachment":[{"href":"https:\/\/cio.umh.es\/en\/wp-json\/wp\/v2\/media?parent=13894"}],"wp:term":[{"taxonomy":"category","embeddable":true,"href":"https:\/\/cio.umh.es\/en\/wp-json\/wp\/v2\/categories?post=13894"},{"taxonomy":"post_tag","embeddable":true,"href":"https:\/\/cio.umh.es\/en\/wp-json\/wp\/v2\/tags?post=13894"}],"curies":[{"name":"wp","href":"https:\/\/api.w.org\/{rel}","templated":true}]}}