{"id":13680,"date":"2019-02-11T11:14:57","date_gmt":"2019-02-11T11:14:57","guid":{"rendered":"http:\/\/cio.edu.umh.es\/?p=13680"},"modified":"2019-02-11T11:14:57","modified_gmt":"2019-02-11T11:14:57","slug":"dia-internacional-de-la-mujer-y-la-nina-en-la-ciencia-19-mujeres-que-han-hecho-historia-en-la-ciencia","status":"publish","type":"post","link":"https:\/\/cio.umh.es\/en\/2019\/02\/11\/dia-internacional-de-la-mujer-y-la-nina-en-la-ciencia-19-mujeres-que-han-hecho-historia-en-la-ciencia\/","title":{"rendered":"D\u00eda Internacional de la Mujer y la Ni\u00f1a en la Ciencia: 19 mujeres que han hecho historia en la ciencia"},"content":{"rendered":"<p>[:es]<a href=\"https:\/\/cio.umh.es\/en\/files\/2019\/02\/mujeres_ciencia_web.jpg\/\"><img loading=\"lazy\" class=\"aligncenter  wp-image-13710\" src=\"https:\/\/cio.umh.es\/files\/2019\/02\/mujeres_ciencia_web.jpg\" alt=\"mujeres_ciencia_web\" width=\"842\" height=\"650\" \/><\/a><br \/>\n<span style=\"color: #000000\"> The <b>D\u00eda Internacional de la Mujer y la Ni\u00f1a en la Ciencia<\/b> se celebra el 11 de febrero. Fue proclamado en 2015 por la Asamblea General de las Naciones Unidas con el fin de lograr el acceso y la participaci\u00f3n plena y equitativa en la ciencia para las mujeres y las ni\u00f1as, adem\u00e1s para lograr la igualdad de g\u00e9nero y el empoderamiento de las mujeres y las ni\u00f1as.<\/span><br \/>\n<span style=\"color: #000000\"> Con motivo del D\u00eda Internacional de la Mujer y la Ni\u00f1a en la Ciencia\u00a0hemos querido rendir homenaje a algunas de las mujeres que hicieron historia en la ciencia y a las que hoy en d\u00eda siguen agrandando el legado femenino.<\/span><\/p>\n<h2><\/h2>\n<h2><strong>1. Hipatia de Alejandr\u00eda (\u00bf? &#8211; 415 d.C)<\/strong><\/h2>\n<p>&nbsp;<br \/>\n<a href=\"https:\/\/cio.umh.es\/en\/files\/2019\/03\/Hipatia.png\/\"><img loading=\"lazy\" class=\"aligncenter  wp-image-13681\" src=\"https:\/\/cio.umh.es\/files\/2019\/03\/Hipatia.png\" alt=\"Hipatia\" width=\"287\" height=\"367\" \/><\/a><br \/>\n<span style=\"color: #000000\">Est\u00e1 considerada como la primera mujer cient\u00edfica de la historia. Destac\u00f3 en los campos de las matem\u00e1ticas y la astronom\u00eda. Fue miembro y cabeza de la Escuela neoplat\u00f3nica de Alejandr\u00eda a comienzos del siglo V.<\/span><\/p>\n<h2><\/h2>\n<h2><strong>2. Mar\u00eda Gaetana Agnesi\u00a0(1718 &#8211; 1799)<\/strong><\/h2>\n<p>&nbsp;<br \/>\n<a href=\"https:\/\/cio.umh.es\/en\/files\/2019\/03\/Mar\u00eda-Agnesi.jpg\/\"><img loading=\"lazy\" class=\"aligncenter  wp-image-13682\" src=\"https:\/\/cio.umh.es\/files\/2019\/03\/Mar\u00eda-Agnesi.jpg\" alt=\"Mar\u00eda Agnesi\" width=\"285\" height=\"346\" \/><\/a><br \/>\n<span style=\"color: #000000\">Fue una ni\u00f1a precoz y dotada, ya que con nueve a\u00f1os dominaba\u00a0siete lenguas: italiano, lat\u00edn, griego, hebreo, franc\u00e9s, espa\u00f1ol y alem\u00e1n. Escribi\u00f3 el primer texto para estudiar el c\u00e1lculo diferencial e integral, en el que se trataban adem\u00e1s las series infinitas y las ecuaciones diferenciales.<\/span><\/p>\n<h2><\/h2>\n<h2><strong>3. Marie-Shopie Germain (1776 &#8211; 1831)<\/strong><\/h2>\n<p>&nbsp;<br \/>\n<a href=\"https:\/\/cio.umh.es\/en\/files\/2019\/03\/Marie-Sophie.jpg\/\"><img loading=\"lazy\" class=\"aligncenter  wp-image-13683\" src=\"https:\/\/cio.umh.es\/files\/2019\/03\/Marie-Sophie.jpg\" alt=\"Marie Sophie\" width=\"286\" height=\"298\" \/><\/a><br \/>\n<span style=\"color: #000000\">Fue pionera de la teor\u00eda de elasticidad que hizo importantes contribuciones a la teor\u00eda de n\u00fameros. Firmaba las cartas que enviaba a Gauss como si fuera un hombre para ganarse su confianza, bajo el seud\u00f3nimo de Antoine Auguste Le Blanc.<\/span><\/p>\n<h2><\/h2>\n<h2><strong>4. Ada Lovelace\u00a0(1815 &#8211; 1852)<\/strong><\/h2>\n<p>&nbsp;<br \/>\n<a href=\"https:\/\/cio.umh.es\/en\/files\/2019\/03\/Ada-Lovelace.jpg\/\"><img loading=\"lazy\" class=\"aligncenter  wp-image-13684\" src=\"https:\/\/cio.umh.es\/files\/2019\/03\/Ada-Lovelace.jpg\" alt=\"Ada Lovelace\" width=\"277\" height=\"264\" \/><\/a><br \/>\n<span style=\"color: #000000\">Conocida fundamentalmente por su trabajo acerca de la calculadora de uso general de Charles Babbage. Desarroll\u00f3 el primer algoritmo destinado a ser procesado por una m\u00e1quina, por lo que se la considera la primera programadora de ordenadores.<\/span><\/p>\n<h2><\/h2>\n<h2><strong>5. Florence Nightingale\u00a0(1820 &#8211; 1910)<\/strong><\/h2>\n<p>&nbsp;<br \/>\n<a href=\"https:\/\/cio.umh.es\/en\/files\/2019\/03\/Florence-Nightingale.jpg\/\"><img loading=\"lazy\" class=\"aligncenter  wp-image-13685\" src=\"https:\/\/cio.umh.es\/files\/2019\/03\/Florence-Nightingale.jpg\" alt=\"NPG x82368; Florence Nightingale by Henry Hering, copied by  Elliott &amp; Fry\" width=\"270\" height=\"375\" \/><\/a><br \/>\n<span style=\"color: #000000\">Fue la creadora del primer modelo conceptual de enfermer\u00eda. Destac\u00f3 en matem\u00e1ticas y aplic\u00f3 sus conocimientos de estad\u00edstica a la epidemiolog\u00eda y a la estad\u00edstica sanitaria. Adem\u00e1s, fue la primera mujer admitida en la Royal Statistical Society brit\u00e1nica.<\/span><\/p>\n<h2><\/h2>\n<h2><strong>6. Sofia Koval\u00e9vskaya\u00a0(1850 &#8211; 1891)<\/strong><\/h2>\n<p>&nbsp;<br \/>\n<a href=\"https:\/\/cio.umh.es\/en\/files\/2019\/03\/Sofia-Koval\u00e9vskaya.jpg\/\"><img loading=\"lazy\" class=\"aligncenter  wp-image-13686\" src=\"https:\/\/cio.umh.es\/files\/2019\/03\/Sofia-Koval\u00e9vskaya.jpg\" alt=\"Sofia Koval\u00e9vskaya\" width=\"260\" height=\"316\" \/><\/a><br \/>\n<span style=\"color: #000000\">Fue la primera matem\u00e1tica rusa de importancia y la primera mujer que consigui\u00f3 una plaza como profesora universitaria en Europa (Suecia, 1881). Sus aportaciones matem\u00e1ticas m\u00e1s importantes est\u00e1n relacionadas con las ecuaciones diferenciales.<\/span><\/p>\n<h2><\/h2>\n<h2><strong>7. Emmy Noether\u00a0(1882 &#8211; 1935)<\/strong><\/h2>\n<p>&nbsp;<br \/>\n<a href=\"https:\/\/cio.umh.es\/en\/files\/2019\/03\/Emmy-Noether.jpg\/\"><img loading=\"lazy\" class=\"aligncenter  wp-image-13687\" src=\"https:\/\/cio.umh.es\/files\/2019\/03\/Emmy-Noether.jpg\" alt=\"Emmy Noether\" width=\"264\" height=\"318\" \/><\/a><br \/>\n<span style=\"color: #000000\">Conocida por sus fundamentales contribuciones en los campos de la f\u00edsica te\u00f3rica y el \u00e1lgebra abstracta. Realiz\u00f3 trabajos muy novedosos relacionados con grupos, m\u00f3dulos o la teor\u00eda de ideales de un anillo. Desarroll\u00f3 el conocido teorema de Noether.<\/span><\/p>\n<h2><\/h2>\n<h2><strong>8. Mary Cartwright\u00a0(1900 &#8211; 1998)<\/strong><\/h2>\n<p>&nbsp;<br \/>\n<a href=\"https:\/\/cio.umh.es\/en\/files\/2019\/03\/f588ce1642e12e62993e2e6818b99272.jpg\/\"><img loading=\"lazy\" class=\"aligncenter  wp-image-13688\" src=\"https:\/\/cio.umh.es\/files\/2019\/03\/f588ce1642e12e62993e2e6818b99272.jpg\" alt=\"f588ce1642e12e62993e2e6818b99272\" width=\"269\" height=\"373\" \/><\/a><br \/>\n<span style=\"color: #000000\">Su \u201cteorema de Cartwright\u201d sobre m\u00e1ximos de funciones result\u00f3 vital para el estudio de funciones relacionadas con fractales. Trabaj\u00f3 con Littlewood en ecuaciones diferenciales que sirvieron como modelo para desarrollar la radio y el radar.<\/span><\/p>\n<h2><\/h2>\n<h2><strong>9. Katherine Johnson\u00a0(1918)<\/strong><\/h2>\n<p>&nbsp;<br \/>\n<a href=\"https:\/\/cio.umh.es\/en\/files\/2019\/03\/26646856911_ca242812ee_o_1.jpg\/\"><img loading=\"lazy\" class=\"aligncenter  wp-image-13689\" src=\"https:\/\/cio.umh.es\/files\/2019\/03\/26646856911_ca242812ee_o_1.jpg\" alt=\"26646856911_ca242812ee_o_1\" width=\"260\" height=\"393\" \/><\/a><br \/>\n<span style=\"color: #000000\">F\u00edsica, cient\u00edfica espacial y matem\u00e1tica que contribuy\u00f3 a la aeron\u00e1utica de EEUU y sus programas espaciales con la aplicaci\u00f3n de las computadoras electr\u00f3nicas digitales. Conocida por su precisi\u00f3n en la navegaci\u00f3n astron\u00f3mica, calcul\u00f3\u00a0la trayectoria para el Proyecto Mercury y el vuelo del Apolo 11 a la Luna en 1969.<\/span><\/p>\n<h2><\/h2>\n<h2><strong>10. Maryam\u00a0Mirzajani (1977 &#8211; 2017)<\/strong><\/h2>\n<p>&nbsp;<br \/>\n<a href=\"https:\/\/cio.umh.es\/en\/files\/2019\/03\/1500123537_307923_1500155187_noticia_normal.jpg\/\"><img loading=\"lazy\" class=\"aligncenter  wp-image-13690\" src=\"https:\/\/cio.umh.es\/files\/2019\/03\/1500123537_307923_1500155187_noticia_normal.jpg\" alt=\"1500123537_307923_1500155187_noticia_normal\" width=\"299\" height=\"237\" \/><\/a><br \/>\n<span style=\"color: #000000\">En 2014 se convirti\u00f3 en la primera mujer en obtener una Medalla Fields, el equivalente al Nobel de Matem\u00e1ticas. Su trabajo se centr\u00f3 principalmente en geometr\u00eda hiperb\u00f3lica, teor\u00eda erg\u00f3dica, geometr\u00eda simpl\u00e9ctica y espacios de Teichm\u00fcller.<\/span><\/p>\n<h2><\/h2>\n<h2><strong>11. Marta Sanz-Sol\u00e9\u00a0(1952)<\/strong><\/h2>\n<p>&nbsp;<br \/>\n<a href=\"https:\/\/cio.umh.es\/en\/files\/2019\/03\/Marta-Sanz-Sol\u00e91.jpg\/\"><img loading=\"lazy\" class=\"aligncenter  wp-image-13692\" src=\"https:\/\/cio.umh.es\/files\/2019\/03\/Marta-Sanz-Sol\u00e91.jpg\" alt=\"Marta Sanz-Sol\u00e9\" width=\"347\" height=\"369\" \/><\/a><br \/>\n<span style=\"color: #000000\">Matem\u00e1tica especialista en la teor\u00eda de la probabilidad. Es autora de m\u00e1s de 90 art\u00edculos publicados en diversas revistas especializadas de prestigio. En 1998 fue galardonada con la Medalla Narc\u00eds Monturiol al m\u00e9rito cient\u00edfico y tecnol\u00f3gico.<\/span><\/p>\n<h2><\/h2>\n<h2><strong>12. Paloma Domingo<\/strong><\/h2>\n<p>&nbsp;<br \/>\n<a href=\"https:\/\/cio.umh.es\/en\/files\/2019\/03\/Paloma-Domingo2.jpg\/\"><img loading=\"lazy\" class=\"aligncenter  wp-image-13695\" src=\"https:\/\/cio.umh.es\/files\/2019\/03\/Paloma-Domingo2.jpg\" alt=\"Paloma Domingo\" width=\"294\" height=\"435\" \/><\/a><br \/>\n<span style=\"color: #000000\">Astrof\u00edsica e inform\u00e1tica en la Universidad Carlos III de Madrid. Directora de la Fundaci\u00f3n Espa\u00f1ola para la Ciencia y la Tecnolog\u00eda (FECYT).\u00a0Tiene una amplia experiencia en el \u00e1mbito de la innovaci\u00f3n, transferencia de tecnolog\u00eda y creaci\u00f3n de empresas de base tecnol\u00f3gica, vigilancia y prospectiva tecnol\u00f3gica.<\/span><\/p>\n<h2><\/h2>\n<h2><strong>13. Consuelo Mart\u00ednez (1955)<\/strong><\/h2>\n<p>&nbsp;<br \/>\n<a href=\"https:\/\/cio.umh.es\/en\/files\/2019\/03\/Consuelo.jpg\/\"><img loading=\"lazy\" class=\"aligncenter size-full wp-image-13696\" src=\"https:\/\/cio.umh.es\/files\/2019\/03\/Consuelo.jpg\" alt=\"Consuelo\" width=\"320\" height=\"320\" \/><\/a><br \/>\n<span style=\"color: #000000\">Ha hecho aportaciones vitales en el \u00e1rea de \u00c1lgebra. Son referentes sus trabajos sobre \u00e1lgebras y super\u00e1lgebras no asociativas, sus relaciones con la teor\u00eda de grupos y sus aplicaciones a la criptograf\u00eda. Obtuvo la medalla de la Real Sociedad Matem\u00e1tica Espa\u00f1ola (RSME)\u00a0en 2018.<\/span><\/p>\n<h2><\/h2>\n<h2><strong>14. Mar\u00eda Jes\u00fas Carro (1961)<\/strong><\/h2>\n<p>&nbsp;<br \/>\n<a href=\"https:\/\/cio.umh.es\/en\/files\/2019\/03\/220px-MJCR.png\/\"><img loading=\"lazy\" class=\"aligncenter  wp-image-13697\" src=\"https:\/\/cio.umh.es\/files\/2019\/03\/220px-MJCR.png\" alt=\"220px-MJCR\" width=\"289\" height=\"347\" \/><\/a><br \/>\n<span style=\"color: #000000\">Su \u00e1rea de investigaci\u00f3n se sit\u00faa en el campo del An\u00e1lisis Matem\u00e1tico, concretamente del An\u00e1lisis Real, An\u00e1lisis Funcional y An\u00e1lisis Arm\u00f3nico. Es presidenta de la Comisi\u00f3n Cient\u00edfica de la Real Sociedad Matem\u00e1tica Espa\u00f1ola (RSME) y del Comit\u00e9 Asesor del Instituto de Matem\u00e1ticas de la Universidad de Sevilla (IMUS).<\/span><\/p>\n<h2><\/h2>\n<h2><strong>15. Rosa Mar\u00eda Garc\u00eda\u00a0(1965)<\/strong><\/h2>\n<p>&nbsp;<br \/>\n<a href=\"https:\/\/cio.umh.es\/en\/files\/2019\/03\/Rosa-Mar\u00eda-Garc\u00eda.jpg\/\"><img loading=\"lazy\" class=\"aligncenter  wp-image-13698\" src=\"https:\/\/cio.umh.es\/files\/2019\/03\/Rosa-Mar\u00eda-Garc\u00eda.jpg\" alt=\"ECONOMIA ROSA MARIA GARCIA vicepresidenta de Microsoft para Western Europe\" width=\"248\" height=\"370\" \/><\/a><br \/>\n<span style=\"color: #000000\">Matem\u00e1tica y directiva espa\u00f1ola, fue presidenta y consejera delegada de Siemens en Espa\u00f1a. Ejerci\u00f3 como presidenta de la C\u00e1mara de Comercio Alemana en Espa\u00f1a. Es miembro del Consejo Asesor Universitario de la Universidad Europea de Madrid.<\/span><\/p>\n<h2><\/h2>\n<h2><strong>16. Marta Macho Stadler\u00a0(1967)<\/strong><\/h2>\n<p>&nbsp;<br \/>\n<a href=\"https:\/\/cio.umh.es\/en\/files\/2019\/03\/Marta-Macho.jpg\/\"><img loading=\"lazy\" class=\"aligncenter  wp-image-13699\" src=\"https:\/\/cio.umh.es\/files\/2019\/03\/Marta-Macho.jpg\" alt=\"Marta Macho\" width=\"262\" height=\"298\" \/><\/a><br \/>\n<span style=\"color: #000000\">Especialista en Teor\u00eda Geom\u00e9trica de Foliaciones y Geometr\u00eda no conmutativa. En 2015 recibi\u00f3 la medalla de la Real Sociedad Matem\u00e1tica Espa\u00f1ola (RSME), por su labor de divulgaci\u00f3n de las matem\u00e1ticas y su compromiso con la igualdad. Editora del blog Mujeres con ciencia, de la C\u00e1tedra de Cultura Cient\u00edfica de la UPV\/EHU.<\/span><\/p>\n<h2><\/h2>\n<h2><strong>17. Mercedes\u00a0Siles<\/strong><\/h2>\n<p>&nbsp;<br \/>\n<a href=\"https:\/\/cio.umh.es\/en\/files\/2019\/03\/91999887.jpg\/\"><img loading=\"lazy\" class=\"aligncenter  wp-image-13700\" src=\"https:\/\/cio.umh.es\/files\/2019\/03\/91999887.jpg\" alt=\"91999887\" width=\"378\" height=\"283\" \/><\/a><br \/>\n<span style=\"color: #000000\">Esta matem\u00e1tica fue la primera mujer andaluza en ser acreditada como catedr\u00e1tica. Colabor\u00f3 con el Comit\u00e9 Espa\u00f1ol de Matem\u00e1ticas para la incorporaci\u00f3n de Espa\u00f1a como estado miembro al Centro Internacional de Matem\u00e1ticas Puras y Aplicadas (CIMPA).<\/span><\/p>\n<h2><\/h2>\n<h2><strong>18. Nuria Oliver (1970)<\/strong><\/h2>\n<p>&nbsp;<br \/>\n<a href=\"https:\/\/cio.umh.es\/en\/files\/2019\/03\/Nuria-Oliver.jpg\/\"><img loading=\"lazy\" class=\"aligncenter  wp-image-13701\" src=\"https:\/\/cio.umh.es\/files\/2019\/03\/Nuria-Oliver.jpg\" alt=\"Nuria-Oliver\" width=\"302\" height=\"365\" \/><\/a><br \/>\n<span style=\"color: #000000\">Ingeniera destacada por su trabajo en modelos computacionales de comportamiento humano, inteligencia artificial, inform\u00e1tica m\u00f3vil y big data. En 2018 se convirti\u00f3 en la cuarta mujer en ingresar en la Real Academia de Ingenier\u00eda.<\/span><\/p>\n<h2><\/h2>\n<h2><strong>19. Clara Grima\u00a0(1971)<\/strong><\/h2>\n<p>&nbsp;<br \/>\n<a href=\"https:\/\/cio.umh.es\/en\/files\/2019\/03\/Clara-Grima.jpg\/\"><img loading=\"lazy\" class=\"aligncenter  wp-image-13702\" src=\"https:\/\/cio.umh.es\/files\/2019\/03\/Clara-Grima.jpg\" alt=\"Clara Grima\" width=\"315\" height=\"323\" \/><\/a><br \/>\n<span style=\"color: #000000\">Presidenta de la Comisi\u00f3n de Divulgaci\u00f3n de la Real Sociedad Matem\u00e1tica Espa\u00f1ola (RSME). Ha publicado docenas de art\u00edculos de divulgaci\u00f3n cient\u00edfica en prensa. En 2018, junto con un equipo multidisciplinar, describe una nueva forma geom\u00e9trica denominada escutoide.<\/span>[:]<\/p>","protected":false},"excerpt":{"rendered":"<p>[:es]<br \/>\n El D\u00eda Internacional de la Mujer y la Ni\u00f1a en la Ciencia se celebra el 11 de febrero. Fue proclamado en 2015 por la Asamblea General de las Naciones Unidas con el fin de lograr el acceso y la participaci\u00f3n plena y equitativa en la ciencia para las mujeres y las ni\u00f1as, adem\u00e1s para [&#8230;]<\/p>","protected":false},"author":3477,"featured_media":0,"comment_status":"open","ping_status":"open","sticky":false,"template":"","format":"standard","meta":{"_links_to":"","_links_to_target":""},"categories":[370232],"tags":[],"_links":{"self":[{"href":"https:\/\/cio.umh.es\/en\/wp-json\/wp\/v2\/posts\/13680"}],"collection":[{"href":"https:\/\/cio.umh.es\/en\/wp-json\/wp\/v2\/posts"}],"about":[{"href":"https:\/\/cio.umh.es\/en\/wp-json\/wp\/v2\/types\/post"}],"author":[{"embeddable":true,"href":"https:\/\/cio.umh.es\/en\/wp-json\/wp\/v2\/users\/3477"}],"replies":[{"embeddable":true,"href":"https:\/\/cio.umh.es\/en\/wp-json\/wp\/v2\/comments?post=13680"}],"version-history":[{"count":0,"href":"https:\/\/cio.umh.es\/en\/wp-json\/wp\/v2\/posts\/13680\/revisions"}],"wp:attachment":[{"href":"https:\/\/cio.umh.es\/en\/wp-json\/wp\/v2\/media?parent=13680"}],"wp:term":[{"taxonomy":"category","embeddable":true,"href":"https:\/\/cio.umh.es\/en\/wp-json\/wp\/v2\/categories?post=13680"},{"taxonomy":"post_tag","embeddable":true,"href":"https:\/\/cio.umh.es\/en\/wp-json\/wp\/v2\/tags?post=13680"}],"curies":[{"name":"wp","href":"https:\/\/api.w.org\/{rel}","templated":true}]}}