{"id":13119,"date":"2019-02-26T09:48:06","date_gmt":"2019-02-26T09:48:06","guid":{"rendered":"http:\/\/cio.edu.umh.es\/?p=13119"},"modified":"2019-02-26T09:48:06","modified_gmt":"2019-02-26T09:48:06","slug":"la-umh-y-la-real-sociedad-matematica-espanola-colaboraran-en-actividades-educativas-culturales-y-de-investigacion","status":"publish","type":"post","link":"https:\/\/cio.umh.es\/en\/2019\/02\/26\/la-umh-y-la-real-sociedad-matematica-espanola-colaboraran-en-actividades-educativas-culturales-y-de-investigacion\/","title":{"rendered":"La UMH y la Real Sociedad Matem\u00e1tica Espa\u00f1ola colaborar\u00e1n en actividades educativas, culturales y de investigaci\u00f3n"},"content":{"rendered":"<p>[:es]<span style=\"color: #000000\">El rector de la <strong><a href=\"https:\/\/www.umh.es\/\">Universidad Miguel Hern\u00e1ndez (UMH)<\/a><\/strong> de Elche, <a href=\"https:\/\/www.umh.es\/contenido\/pdi\/:persona_32196\/datos_es.html\"><strong>Jes\u00fas Tadeo Pastor Ciurana<\/strong><\/a>, y el presidente de la <strong><a href=\"https:\/\/www.rsme.es\/\">Real Sociedad Matem\u00e1tica Espa\u00f1ola (RSME)<\/a><\/strong>, <strong><a href=\"http:\/\/gama.uc3m.es\/index.php\/fmarcellan.html\">Francisco Marcell\u00e1n Espa\u00f1ol<\/a><\/strong>, han firmado un convenio marco de colaboraci\u00f3n. Mediante este acuerdo, ambas entidades realizar\u00e1n actividades educativas y culturales, de investigaci\u00f3n y desarrollo tecnol\u00f3gico.<\/span><br \/>\n<span style=\"color: #000000\">En concreto, ambas entidades colaborar\u00e1n en la ejecuci\u00f3n de proyectos y programas educativos y culturales conjuntos, en la cooperaci\u00f3n en programas de formaci\u00f3n de personal o en la oferta de pr\u00e1cticas en la RSME para estudiantes de la UMH.<\/span><br \/>\n<span style=\"color: #000000\">Para llevar a cabo el seguimiento de este convenio, la UMH nombra como representante al profesor del \u00c1rea de Estad\u00edstica e Investigaci\u00f3n Operativa de la UMH, <strong><a href=\"https:\/\/www.umh.es\/contenido\/pdi\/:persona_924\/datos_es.html\">Juan Aparicio Baeza<\/a><\/strong>, mientras que <strong><a href=\"https:\/\/www.umh.es\/contenido\/Estudios\/:persona_168696\/datos_en.html\">Jos\u00e9 Santiago Garc\u00eda Cremades<\/a><\/strong> ser\u00e1 el representante por parte de la RSME.<\/span>[:]<\/p>","protected":false},"excerpt":{"rendered":"<p>[:es]El rector de la Universidad Miguel Hern\u00e1ndez (UMH) de Elche, Jes\u00fas Tadeo Pastor Ciurana, y el presidente de la Real Sociedad Matem\u00e1tica Espa\u00f1ola (RSME), Francisco Marcell\u00e1n Espa\u00f1ol, han firmado un convenio marco de colaboraci\u00f3n. Mediante este acuerdo, ambas entidades realizar\u00e1n actividades educativas y culturales, de investigaci\u00f3n y desarrollo tecnol\u00f3gico.<br \/>\nEn concreto, ambas entidades colaborar\u00e1n en la [&#8230;]<\/p>","protected":false},"author":3477,"featured_media":0,"comment_status":"open","ping_status":"open","sticky":false,"template":"","format":"standard","meta":{"_links_to":"","_links_to_target":""},"categories":[873],"tags":[],"_links":{"self":[{"href":"https:\/\/cio.umh.es\/en\/wp-json\/wp\/v2\/posts\/13119"}],"collection":[{"href":"https:\/\/cio.umh.es\/en\/wp-json\/wp\/v2\/posts"}],"about":[{"href":"https:\/\/cio.umh.es\/en\/wp-json\/wp\/v2\/types\/post"}],"author":[{"embeddable":true,"href":"https:\/\/cio.umh.es\/en\/wp-json\/wp\/v2\/users\/3477"}],"replies":[{"embeddable":true,"href":"https:\/\/cio.umh.es\/en\/wp-json\/wp\/v2\/comments?post=13119"}],"version-history":[{"count":0,"href":"https:\/\/cio.umh.es\/en\/wp-json\/wp\/v2\/posts\/13119\/revisions"}],"wp:attachment":[{"href":"https:\/\/cio.umh.es\/en\/wp-json\/wp\/v2\/media?parent=13119"}],"wp:term":[{"taxonomy":"category","embeddable":true,"href":"https:\/\/cio.umh.es\/en\/wp-json\/wp\/v2\/categories?post=13119"},{"taxonomy":"post_tag","embeddable":true,"href":"https:\/\/cio.umh.es\/en\/wp-json\/wp\/v2\/tags?post=13119"}],"curies":[{"name":"wp","href":"https:\/\/api.w.org\/{rel}","templated":true}]}}