{"id":11605,"date":"2016-11-06T15:26:00","date_gmt":"2016-11-06T15:26:00","guid":{"rendered":"http:\/\/cio.edu.umh.es\/?p=11605"},"modified":"2016-11-06T15:26:00","modified_gmt":"2016-11-06T15:26:00","slug":"ramon-n-2016-demografia-universidad-miguel-hernandez-de-elche-ed","status":"publish","type":"post","link":"https:\/\/cio.umh.es\/en\/2016\/11\/06\/ramon-n-2016-demografia-universidad-miguel-hernandez-de-elche-ed\/","title":{"rendered":"Ram\u00f3n, N. (2016) &quot;Demograf\u00eda&quot;, Universidad Miguel Hern\u00e1ndez de Elche, ISBN: 978-84-16024-41-4."},"content":{"rendered":"","protected":false},"excerpt":{"rendered":"","protected":false},"author":5675,"featured_media":0,"comment_status":"open","ping_status":"open","sticky":false,"template":"","format":"standard","meta":{"_links_to":"","_links_to_target":""},"categories":[75,7834],"tags":[381805],"_links":{"self":[{"href":"https:\/\/cio.umh.es\/en\/wp-json\/wp\/v2\/posts\/11605"}],"collection":[{"href":"https:\/\/cio.umh.es\/en\/wp-json\/wp\/v2\/posts"}],"about":[{"href":"https:\/\/cio.umh.es\/en\/wp-json\/wp\/v2\/types\/post"}],"author":[{"embeddable":true,"href":"https:\/\/cio.umh.es\/en\/wp-json\/wp\/v2\/users\/5675"}],"replies":[{"embeddable":true,"href":"https:\/\/cio.umh.es\/en\/wp-json\/wp\/v2\/comments?post=11605"}],"version-history":[{"count":0,"href":"https:\/\/cio.umh.es\/en\/wp-json\/wp\/v2\/posts\/11605\/revisions"}],"wp:attachment":[{"href":"https:\/\/cio.umh.es\/en\/wp-json\/wp\/v2\/media?parent=11605"}],"wp:term":[{"taxonomy":"category","embeddable":true,"href":"https:\/\/cio.umh.es\/en\/wp-json\/wp\/v2\/categories?post=11605"},{"taxonomy":"post_tag","embeddable":true,"href":"https:\/\/cio.umh.es\/en\/wp-json\/wp\/v2\/tags?post=11605"}],"curies":[{"name":"wp","href":"https:\/\/api.w.org\/{rel}","templated":true}]}}